{"id":25542,"date":"2025-06-08T17:50:50","date_gmt":"2025-06-08T20:50:50","guid":{"rendered":"https:\/\/mussicom.com\/morte-ao-socialismo-grita-milei-em-evento\/"},"modified":"2025-06-08T17:50:50","modified_gmt":"2025-06-08T20:50:50","slug":"morte-ao-socialismo-grita-milei-em-evento","status":"publish","type":"post","link":"https:\/\/mussicom.com\/noticias\/morte-ao-socialismo-grita-milei-em-evento\/","title":{"rendered":"&#8220;Morte ao socialismo&#8221;, grita Milei em evento"},"content":{"rendered":"<p> <br \/>\n<\/p>\n<div>\n<p class=\"postParagraph_post-paragraph__juWZN\">O presidente argentino, Javier Milei, foi o palestrante principal do F\u00f3rum Econ\u00f4mico de Madri que ocorreu neste final de semana. Em sua entrada, que contou com sua tradicional m\u00fasica \u201cYo soy el le\u00f3n&#8221; (Eu sou o le\u00e3o, traduzido para o portugu\u00eas), o mandat\u00e1rio libert\u00e1rio foi ovacionado e gritou: &#8220;Morte ao socialismo&#8221;.<\/p>\n<p class=\"postParagraph_post-paragraph__juWZN\">Apesar do evento ter car\u00e1cter internacional, Milei aproveitou a oportunidade para discursar sobre os resultados de seu governo, al\u00e9m de falar sobre seus planos em caso de uma reelei\u00e7\u00e3o em 2027 e criticou a imprensa.<\/p>\n<p class=\"postParagraph_post-paragraph__juWZN\">\u201cA Argentina \u00e9 um dos cinco pa\u00edses do mundo que n\u00e3o tem d\u00e9ficit fiscal&#8221;, afirmou, Milei.<\/p>\n<p class=\"postParagraph_post-paragraph-innerHtml__Q5vwc\">No seu discurso, ele celebrou derrubada dos controles cambiais para pessoas f\u00edsicas, o chamado cepo.<\/p>\n<p class=\"postParagraph_post-paragraph__juWZN\">&#8220;Disseram que eu n\u00e3o ousaria terminar com o cepo em um ano; o lixo midi\u00e1tico e os jornalistas corruptos estavam espalhando not\u00edcias sujas.\u00a0N\u00e3o odiamos jornalistas o suficiente&#8221;, afirmou.<\/p>\n<p class=\"postParagraph_post-paragraph__juWZN\">\u201cPermitimos aos argentinos de bem que possam utilizar seus d\u00f3lares n\u00e3o declarados para fazer transa\u00e7\u00f5es. Agora, os argentinos s\u00e3o inocentes at\u00e9 que se prove o contr\u00e1rio\u201d, disse o presidente argentino, ao explicar seu plano para que os cidad\u00e3os gastem seus d\u00f3lares n\u00e3o declarados, que estavam &#8220;escondidos embaixo do colch\u00e3o&#8221; em outros governos em raz\u00e3o dos controles cambiais.<\/p>\n<p class=\"postParagraph_post-paragraph__juWZN\">Enquanto o libert\u00e1rio discursava, a plateia entoava gritos de: \u201cPrecisamos de voc\u00ea aqui!\u201d. Al\u00e9m disso, ofensas contra o presidente espanhol, Pedro S\u00e1nchez, tamb\u00e9m foram registradas.<\/p>\n<div class=\"postViewMore_post-view-more-container___5wai\" data-mrf-recirculation=\"Post - Veja tamb\u00e9m\">\n<p class=\"gp-styles-module-size-small-afeYRa gp-styles-module-font-family2-afeYRa gp-styles-module-color-secondary-afeYRa gp-styles-module-weight-bold-afeYRa\">VEJA TAMB\u00c9M:<\/p>\n<ul class=\"postViewMore_post-view-more-list__CU_CE\">\n<li class=\"postViewMore_post-view-more-item__2MzRb\">\n<div class=\"postViewMore_post-view-more-image__5gUSe\"><picture class=\"imageDefault_image-container__XGd8_\"><\/picture><\/div>\n<p>Milei se encontra com Papa Le\u00e3o XIV no Vaticano<\/li>\n<li class=\"postViewMore_post-view-more-item__2MzRb\">\n<div class=\"postViewMore_post-view-more-image__5gUSe\"><picture class=\"imageDefault_image-container__XGd8_\"><img loading=\"lazy\" alt=\"\" loading=\"lazy\" width=\"72\" height=\"72\" decoding=\"async\" data-nimg=\"1\" class=\"imageDefault_image-item__lU2Dk\" style=\"color:transparent\" src=\"https:\/\/media.gazetadopovo.com.br\/2025\/06\/02221703\/kirchner.candidata-380x214.jpg.webp\"\/><\/picture><\/div>\n<p>Cristina Kirchner anuncia que ser\u00e1 candidata a deputada provincial em Buenos Aires<\/li>\n<\/ul>\n<\/div>\n<p class=\"postParagraph_post-paragraph__juWZN\">Em dado momento, Milei respondeu a plateia: &#8220;Saibam que, contra os socialistas de m&#8230;., eu sempre estarei do lado de voc\u00eas.\u201d<\/p>\n<h2 class=\"postParagraph_post-paragraph__juWZN postParagraph_type-tag-h2__TtFkT\">&#8220;O Estado \u00e9 uma organiza\u00e7\u00e3o criminosa&#8221; e &#8220;impostos s\u00e3o um roubo&#8221;, diz Milei<\/h2>\n<p class=\"postParagraph_post-paragraph__juWZN\">Em sua fala, o argentino aproveitou para tecer lemas libert\u00e1rios como &#8220;o Estado \u00e9 uma organiza\u00e7\u00e3o criminosa&#8221; e que &#8220;impostos s\u00e3o um roubo&#8221;.<\/p>\n<p class=\"postParagraph_post-paragraph__juWZN\">&#8220;Estamos trabalhando em uma reforma tribut\u00e1ria. Se a economia argentina crescer at\u00e9 2031 \u2014 no caso de uma eventual reelei\u00e7\u00e3o minha \u2014 poder\u00edamos reduzir em mais de um ponto percentual do PIB e devolver aos argentinos mais de 500 bilh\u00f5es de d\u00f3lares\u201d, adiantou&#8221;.<\/p>\n<p class=\"postParagraph_post-paragraph__juWZN\">O evento que ocorreu na Espanha foi organizado por duas empresas de Andorra e patrocinado por uma empresa de criptomoedas. As entradas custavam entre 150 euros (R$ 951)  e 7,5 mil euros (R$ 48.186).<\/p>\n<\/div>\n<p><br \/>\n<br \/>Fonte: <a href=\"https:\/\/www.gazetadopovo.com.br\/mundo\/morte-ao-socialismo-diz-milei-em-evento-economico-na-espanha\/\">Revista Oeste<\/a><\/p>\n","protected":false},"excerpt":{"rendered":"<p>O presidente argentino, Javier Milei, foi o palestrante principal do F\u00f3rum Econ\u00f4mico de Madri que ocorreu neste final de semana. Em sua entrada, que contou com sua tradicional m\u00fasica \u201cYo soy el le\u00f3n&#8221; (Eu sou o le\u00e3o, traduzido para o portugu\u00eas), o mandat\u00e1rio libert\u00e1rio foi ovacionado e gritou: &#8220;Morte ao socialismo&#8221;. Apesar do evento ter [&hellip;]<\/p>\n","protected":false},"author":5,"featured_media":25543,"comment_status":"open","ping_status":"open","sticky":false,"template":"","format":"standard","meta":{"_seopress_robots_primary_cat":"","_seopress_titles_title":"","_seopress_titles_desc":"","_seopress_robots_index":"","footnotes":""},"categories":[1],"tags":[],"class_list":["post-25542","post","type-post","status-publish","format-standard","has-post-thumbnail","hentry","category-ultimas-noticias"],"_links":{"self":[{"href":"https:\/\/mussicom.com\/noticias\/wp-json\/wp\/v2\/posts\/25542","targetHints":{"allow":["GET"]}}],"collection":[{"href":"https:\/\/mussicom.com\/noticias\/wp-json\/wp\/v2\/posts"}],"about":[{"href":"https:\/\/mussicom.com\/noticias\/wp-json\/wp\/v2\/types\/post"}],"author":[{"embeddable":true,"href":"https:\/\/mussicom.com\/noticias\/wp-json\/wp\/v2\/users\/5"}],"replies":[{"embeddable":true,"href":"https:\/\/mussicom.com\/noticias\/wp-json\/wp\/v2\/comments?post=25542"}],"version-history":[{"count":0,"href":"https:\/\/mussicom.com\/noticias\/wp-json\/wp\/v2\/posts\/25542\/revisions"}],"wp:featuredmedia":[{"embeddable":true,"href":"https:\/\/mussicom.com\/noticias\/wp-json\/wp\/v2\/media\/25543"}],"wp:attachment":[{"href":"https:\/\/mussicom.com\/noticias\/wp-json\/wp\/v2\/media?parent=25542"}],"wp:term":[{"taxonomy":"category","embeddable":true,"href":"https:\/\/mussicom.com\/noticias\/wp-json\/wp\/v2\/categories?post=25542"},{"taxonomy":"post_tag","embeddable":true,"href":"https:\/\/mussicom.com\/noticias\/wp-json\/wp\/v2\/tags?post=25542"}],"curies":[{"name":"wp","href":"https:\/\/api.w.org\/{rel}","templated":true}]}}