{"id":25443,"date":"2025-06-07T15:50:20","date_gmt":"2025-06-07T18:50:20","guid":{"rendered":"https:\/\/mussicom.com\/santos-tem-alerta-para-mar-agitado-mare-alta-e-chuvas-fortes-a-partir-de-domingo\/"},"modified":"2025-06-07T15:50:20","modified_gmt":"2025-06-07T18:50:20","slug":"santos-tem-alerta-para-mar-agitado-mare-alta-e-chuvas-fortes-a-partir-de-domingo","status":"publish","type":"post","link":"https:\/\/mussicom.com\/noticias\/santos-tem-alerta-para-mar-agitado-mare-alta-e-chuvas-fortes-a-partir-de-domingo\/","title":{"rendered":"Santos tem alerta para mar agitado, mar\u00e9 alta e chuvas fortes a partir de domingo"},"content":{"rendered":"<p> <br \/>\n<\/p>\n<div><\/p>\n<div>Santos deve enfrentar condi\u00e7\u00f5es adversas no mar e no clima a partir de domingo, boletim do N\u00facleo de Pesquisas Hidrodin\u00e2micas da Unisanta<\/div>\n<\/div>\n<p><br \/>\n<br \/>Fonte: <a href=\"https:\/\/jornaldaorla.com.br\/noticias\/santos-tem-alerta-para-mar-agitado-mare-alta-e-chuvas-fortes-a-partir-de-domingo\/\">Jornal Da Orla<\/a><\/p>\n","protected":false},"excerpt":{"rendered":"<p>Santos deve enfrentar condi\u00e7\u00f5es adversas no mar e no clima a partir de domingo, boletim do N\u00facleo de Pesquisas Hidrodin\u00e2micas da Unisanta Fonte: Jornal Da Orla<\/p>\n","protected":false},"author":5,"featured_media":25444,"comment_status":"open","ping_status":"open","sticky":false,"template":"","format":"standard","meta":{"_seopress_robots_primary_cat":"","_seopress_titles_title":"","_seopress_titles_desc":"","_seopress_robots_index":"","footnotes":""},"categories":[52],"tags":[],"class_list":["post-25443","post","type-post","status-publish","format-standard","has-post-thumbnail","hentry","category-santoseregiao"],"_links":{"self":[{"href":"https:\/\/mussicom.com\/noticias\/wp-json\/wp\/v2\/posts\/25443","targetHints":{"allow":["GET"]}}],"collection":[{"href":"https:\/\/mussicom.com\/noticias\/wp-json\/wp\/v2\/posts"}],"about":[{"href":"https:\/\/mussicom.com\/noticias\/wp-json\/wp\/v2\/types\/post"}],"author":[{"embeddable":true,"href":"https:\/\/mussicom.com\/noticias\/wp-json\/wp\/v2\/users\/5"}],"replies":[{"embeddable":true,"href":"https:\/\/mussicom.com\/noticias\/wp-json\/wp\/v2\/comments?post=25443"}],"version-history":[{"count":0,"href":"https:\/\/mussicom.com\/noticias\/wp-json\/wp\/v2\/posts\/25443\/revisions"}],"wp:featuredmedia":[{"embeddable":true,"href":"https:\/\/mussicom.com\/noticias\/wp-json\/wp\/v2\/media\/25444"}],"wp:attachment":[{"href":"https:\/\/mussicom.com\/noticias\/wp-json\/wp\/v2\/media?parent=25443"}],"wp:term":[{"taxonomy":"category","embeddable":true,"href":"https:\/\/mussicom.com\/noticias\/wp-json\/wp\/v2\/categories?post=25443"},{"taxonomy":"post_tag","embeddable":true,"href":"https:\/\/mussicom.com\/noticias\/wp-json\/wp\/v2\/tags?post=25443"}],"curies":[{"name":"wp","href":"https:\/\/api.w.org\/{rel}","templated":true}]}}