{"id":25380,"date":"2025-06-07T06:50:07","date_gmt":"2025-06-07T09:50:07","guid":{"rendered":"https:\/\/mussicom.com\/obras-na-ciclovia-da-avenida-tupiniquins-interditam-transito-na-ponte-pensil-parcialmente\/"},"modified":"2025-06-07T06:50:07","modified_gmt":"2025-06-07T09:50:07","slug":"obras-na-ciclovia-da-avenida-tupiniquins-interditam-transito-na-ponte-pensil-parcialmente","status":"publish","type":"post","link":"https:\/\/mussicom.com\/noticias\/obras-na-ciclovia-da-avenida-tupiniquins-interditam-transito-na-ponte-pensil-parcialmente\/","title":{"rendered":"Obras na ciclovia da Avenida Tupiniquins interditam tr\u00e2nsito na Ponte P\u00eansil parcialmente"},"content":{"rendered":"<p> <br \/>\n<\/p>\n<div id=\"texto\">\n<p>A Prefeitura de S\u00e3o Vicente informa que, devido \u00e0s obras de melhoria na ciclovia da Avenida Tupiniquins, a Ponte P\u00eansil ter\u00e1 o tr\u00e1fego alterado temporariamente entre os dias 9 (segunda-feira) e 13 de junho (sexta-feira).<br \/>&#13;<br \/>\n\u00a0<\/p>\n<p>Durante esse per\u00edodo, a opera\u00e7\u00e3o ser\u00e1 da seguinte forma:<\/p>\n<p>\u2022 Das 7h \u00e0s 13h \u2013 Fluxo no sentido Praia Grande \u2192 S\u00e3o Vicente<br \/>&#13;<br \/>\n\u2022 Das 13h \u00e0s 18h \u2013 Fluxo no sentido S\u00e3o Vicente \u2192 Praia Grande<br \/>&#13;<br \/>\n\u2022 Ap\u00f3s as 18h \u2013 Fluxo normal em ambos os sentidos<br \/>&#13;<br \/>\n\u00a0<\/p>\n<p>Como rota alternativa, os motoristas poder\u00e3o utilizar a Ponte do Mar Pequeno.<br \/>&#13;<br \/>\n\u00a0<\/p>\n<p>Agentes de tr\u00e2nsito estar\u00e3o no local para orientar os motoristas e moradores do bairro Japu\u00ed, garantindo seguran\u00e7a e fluidez no tr\u00e2nsito.<br \/>&#13;<br \/>\n\u00a0<\/p>\n<p><strong>Obras ciclovia Avenida Tupiniquins &#8211; <\/strong>A reforma contempla a troca de todo o piso do trecho ciclovi\u00e1rio, drenagem e nova sinaliza\u00e7\u00e3o de solo.<br \/>&#13;<br \/>\n\u00a0<\/p>\n<p>Com 1,7km de extens\u00e3o, o local disp\u00f5e de alto fluxo de utilit\u00e1rios diariamente, visto que trata-se da via de acesso para os ciclistas que trafegam entre S\u00e3o Vicente e Praia Grande.<\/p>\n<\/p><\/div>\n<p><script async defer crossorigin=\"anonymous\" src=\"https:\/\/connect.facebook.net\/pt_BR\/sdk.js#xfbml=1&#038;version=v12.0&#038;appId=&#038;autoLogAppEvents=1\" nonce=\"ou0fI1lo\"><\/script><br \/>\n<br \/><br \/>\n<br \/>Fonte: <a href=\"https:\/\/www.bs9.com.br\/litoral\/obras-na-ciclovia-da-avenida-tupiniquins-interditam-transito-na-ponte\/32320\/\">BS9<\/a><\/p>\n","protected":false},"excerpt":{"rendered":"<p>A Prefeitura de S\u00e3o Vicente informa que, devido \u00e0s obras de melhoria na ciclovia da Avenida Tupiniquins, a Ponte P\u00eansil ter\u00e1 o tr\u00e1fego alterado temporariamente entre os dias 9 (segunda-feira) e 13 de junho (sexta-feira).&#13; \u00a0 Durante esse per\u00edodo, a opera\u00e7\u00e3o ser\u00e1 da seguinte forma: \u2022 Das 7h \u00e0s 13h \u2013 Fluxo no sentido Praia [&hellip;]<\/p>\n","protected":false},"author":5,"featured_media":25381,"comment_status":"open","ping_status":"open","sticky":false,"template":"","format":"standard","meta":{"_seopress_robots_primary_cat":"","_seopress_titles_title":"","_seopress_titles_desc":"","_seopress_robots_index":"","footnotes":""},"categories":[52],"tags":[],"class_list":["post-25380","post","type-post","status-publish","format-standard","has-post-thumbnail","hentry","category-santoseregiao"],"_links":{"self":[{"href":"https:\/\/mussicom.com\/noticias\/wp-json\/wp\/v2\/posts\/25380","targetHints":{"allow":["GET"]}}],"collection":[{"href":"https:\/\/mussicom.com\/noticias\/wp-json\/wp\/v2\/posts"}],"about":[{"href":"https:\/\/mussicom.com\/noticias\/wp-json\/wp\/v2\/types\/post"}],"author":[{"embeddable":true,"href":"https:\/\/mussicom.com\/noticias\/wp-json\/wp\/v2\/users\/5"}],"replies":[{"embeddable":true,"href":"https:\/\/mussicom.com\/noticias\/wp-json\/wp\/v2\/comments?post=25380"}],"version-history":[{"count":0,"href":"https:\/\/mussicom.com\/noticias\/wp-json\/wp\/v2\/posts\/25380\/revisions"}],"wp:featuredmedia":[{"embeddable":true,"href":"https:\/\/mussicom.com\/noticias\/wp-json\/wp\/v2\/media\/25381"}],"wp:attachment":[{"href":"https:\/\/mussicom.com\/noticias\/wp-json\/wp\/v2\/media?parent=25380"}],"wp:term":[{"taxonomy":"category","embeddable":true,"href":"https:\/\/mussicom.com\/noticias\/wp-json\/wp\/v2\/categories?post=25380"},{"taxonomy":"post_tag","embeddable":true,"href":"https:\/\/mussicom.com\/noticias\/wp-json\/wp\/v2\/tags?post=25380"}],"curies":[{"name":"wp","href":"https:\/\/api.w.org\/{rel}","templated":true}]}}