{"id":25346,"date":"2025-06-07T00:56:03","date_gmt":"2025-06-07T03:56:03","guid":{"rendered":"https:\/\/mussicom.com\/vitoria-miranda-e-campea-juvenil-de-simples-e-duplas-em-roland-garros\/"},"modified":"2025-06-07T00:56:03","modified_gmt":"2025-06-07T03:56:03","slug":"vitoria-miranda-e-campea-juvenil-de-simples-e-duplas-em-roland-garros","status":"publish","type":"post","link":"https:\/\/mussicom.com\/noticias\/vitoria-miranda-e-campea-juvenil-de-simples-e-duplas-em-roland-garros\/","title":{"rendered":"Vit\u00f3ria Miranda \u00e9 campe\u00e3 juvenil de simples e duplas em Roland Garros"},"content":{"rendered":"<p> <br \/>\n<\/p>\n<div>\n<p>A tenista em cadeira de rodas Vitoria Miranda \u00e9 a mais nova campe\u00e3 j\u00fanior de simples e de duplas de Roland Garros (Fran\u00e7a). \u00a0A brasileira de 17 anos repetiu o desempenho do in\u00edcio da temporada, quando tamb\u00e9m\u00a0faturou dois t\u00edtulos no Aberto da Austr\u00e1lia. \u00a0E as finais nesta sexta-feira (6) no saibro parisiense reeditaram as decis\u00f5es do primeiro Grand Slam do ano, em Melbourne. Atual n\u00famero 1 do mundo no ranking juvenil \u2013 e 17\u00aa entre as tenistas profissionais \u2013, a brasileira imp\u00f4s nova derrota \u00e0 norte-americana Sabina Czauz,: por 2 sets a 0 (parciais de 6\/3, e 6\/2), em apenas 59 minutos de partida.<img decoding=\"async\" src=\"https:\/\/agenciabrasil.ebc.com.br\/ebc.gif?id=1645857&amp;o=node\" style=\"width:1px; height:1px; display:inline;\"\/><\/p>\n<p>Na sequ\u00eancia, Vit\u00f3ria voltou \u00e0 quadra ao lado da belga Luna Grup, com quem j\u00e1 fora campe\u00e3 de duplas na Austr\u00e1lia em janeiro. Diferentemente da final em Melbourne. quando jogou em parceria com a let\u00e2 Alina Mosko, a advers\u00e1ria norte-americana competiu hoje (6) com a sueca Emma Gjerseth. A mudan\u00e7a, no entanto,\u00a0n\u00e3o surtiu efeito. A dupla de Vit\u00f3ria e Luna levantou a segunda ta\u00e7a do dia, ap\u00f3s vit\u00f3ria por 2 sets a 0 (6\/3 e 6\/2).<\/p>\n<blockquote>\n<p>\u201cEstou muito feliz com os meus t\u00edtulos! Consegui colocar em pr\u00e1tica tudo o que venho treinando. Quando entrei em quadra, j\u00e1 sabia que era o meu momento. Todas as vezes que perdi para ela, eu perdi antes para mim mesma, e decidi que desta vez isso n\u00e3o aconteceria. Nas duplas, tamb\u00e9m deu tudo certo\u201d, comemorou Vit\u00f3ria, em depoimento \u00e0 Confedera\u00e7\u00e3o Brasileira de T\u00eanis (CBT).<\/p>\n<\/blockquote>\n<blockquote class=\"twitter-tweet\">\n<p dir=\"ltr\" lang=\"pt\" xml:lang=\"pt\">Algu\u00e9m falou em dobradinha pro Brasil no t\u00eanis em cadeira de rodas!? \ud83c\udfbe\ud83c\udfc6\ud83c\udfc6<\/p>\n<p>A tenista Vit\u00f3ria Miranda foi campe\u00e3 nesta sexta, 6, nas disputas simples e em duplas em Roland Garros, e repetiu o feito do Aberto da Austr\u00e1lia, onde tamb\u00e9m conquistou a dobradinha nas disputas. Com\u2026 <a href=\"https:\/\/t.co\/4rDEGd1PxZ\">pic.twitter.com\/4rDEGd1PxZ<\/a><\/p>\n<p>\u2014 Comit\u00ea Paral\u00edmpico Brasileiro (@BraParalimpico) <a href=\"https:\/\/twitter.com\/BraParalimpico\/status\/1931016041099886809?ref_src=twsrc%5Etfw\">June 6, 2025<\/a><\/p><\/blockquote>\n<p>O \u00f3timo in\u00edcio de temporada coloca a mineira Vit\u00f3ria Miranda entre os\u00a0tenistas que sonham em conquistar o t\u00edtulo do Grand Slam: quando o atleta vence os quatro principais torneios de t\u00eanis da temporada (Aberto da Austr\u00e1lia, Roland Garrros, Wimbledon e US Open). .<\/p>\n<blockquote>\n<p>\u201cO t\u00eanis em cadeira de rodas brasileiro vive um momento de afirma\u00e7\u00e3o e conquistas hist\u00f3ricas. Vit\u00f3ria Miranda brilhou mais uma vez e sagrou-se campe\u00e3 de Roland Garros nas categorias de simples e duplas, consolidando-se como um dos grandes nomes do circuito juvenil internacional. Uma performance irretoc\u00e1vel, que emociona e orgulha a todos que acompanham sua trajet\u00f3ria\u201d, disse Alexandre Farias, presidente da CBT.<\/p>\n<\/blockquote>\n<p>Na disputa masculina, o mineiro Luiz Calixto foi finalista tanto na chave de simples quanto na de duplas, mas ficou com o vice-campeonato em ambas. Na disputa individual, Calixto foi superado pelo austr\u00edaco Maximilian Taucher por 2 sets a 0 (3\/6 e 0\/6).\u00a0Na decis\u00e3o de duplas, Calixto e o companheiro belga Alexander Lantermann perderam para a dupla\u00a0 do norte-americano Charlie Cooper com o austr\u00edaco Maximilian Taucher por 2 sets a 0 (4\/6 e 0\/6).<\/p>\n<p>      <!-- Relacionada --><\/p>\n<p>            <!-- Relacionada -->\n    <\/div>\n<p><script async src=\"\/\/platform.twitter.com\/widgets.js\" charset=\"utf-8\"><\/script><br \/>\n<br \/><br \/>\n<br \/>Fonte: <a href=\"https:\/\/agenciabrasil.ebc.com.br\/esportes\/noticia\/2025-06\/vitoria-miranda-e-campea-juvenil-de-simples-e-duplas-em-roland-garros\">Ag\u00eancia Brasil<\/a><\/p>\n","protected":false},"excerpt":{"rendered":"<p>A tenista em cadeira de rodas Vitoria Miranda \u00e9 a mais nova campe\u00e3 j\u00fanior de simples e de duplas de Roland Garros (Fran\u00e7a). \u00a0A brasileira de 17 anos repetiu o desempenho do in\u00edcio da temporada, quando tamb\u00e9m\u00a0faturou dois t\u00edtulos no Aberto da Austr\u00e1lia. \u00a0E as finais nesta sexta-feira (6) no saibro parisiense reeditaram as decis\u00f5es [&hellip;]<\/p>\n","protected":false},"author":5,"featured_media":25347,"comment_status":"open","ping_status":"open","sticky":false,"template":"","format":"standard","meta":{"_seopress_robots_primary_cat":"","_seopress_titles_title":"","_seopress_titles_desc":"","_seopress_robots_index":"","footnotes":""},"categories":[40],"tags":[],"class_list":["post-25346","post","type-post","status-publish","format-standard","has-post-thumbnail","hentry","category-esportes"],"_links":{"self":[{"href":"https:\/\/mussicom.com\/noticias\/wp-json\/wp\/v2\/posts\/25346","targetHints":{"allow":["GET"]}}],"collection":[{"href":"https:\/\/mussicom.com\/noticias\/wp-json\/wp\/v2\/posts"}],"about":[{"href":"https:\/\/mussicom.com\/noticias\/wp-json\/wp\/v2\/types\/post"}],"author":[{"embeddable":true,"href":"https:\/\/mussicom.com\/noticias\/wp-json\/wp\/v2\/users\/5"}],"replies":[{"embeddable":true,"href":"https:\/\/mussicom.com\/noticias\/wp-json\/wp\/v2\/comments?post=25346"}],"version-history":[{"count":0,"href":"https:\/\/mussicom.com\/noticias\/wp-json\/wp\/v2\/posts\/25346\/revisions"}],"wp:featuredmedia":[{"embeddable":true,"href":"https:\/\/mussicom.com\/noticias\/wp-json\/wp\/v2\/media\/25347"}],"wp:attachment":[{"href":"https:\/\/mussicom.com\/noticias\/wp-json\/wp\/v2\/media?parent=25346"}],"wp:term":[{"taxonomy":"category","embeddable":true,"href":"https:\/\/mussicom.com\/noticias\/wp-json\/wp\/v2\/categories?post=25346"},{"taxonomy":"post_tag","embeddable":true,"href":"https:\/\/mussicom.com\/noticias\/wp-json\/wp\/v2\/tags?post=25346"}],"curies":[{"name":"wp","href":"https:\/\/api.w.org\/{rel}","templated":true}]}}