{"id":25332,"date":"2025-06-06T23:01:53","date_gmt":"2025-06-07T02:01:53","guid":{"rendered":"https:\/\/mussicom.com\/novo-pac-fracassa-e-lula-fica-sem-vitrine-eleitoral-para-2026\/"},"modified":"2025-06-06T23:01:53","modified_gmt":"2025-06-07T02:01:53","slug":"novo-pac-fracassa-e-lula-fica-sem-vitrine-eleitoral-para-2026","status":"publish","type":"post","link":"https:\/\/mussicom.com\/noticias\/novo-pac-fracassa-e-lula-fica-sem-vitrine-eleitoral-para-2026\/","title":{"rendered":"Novo PAC fracassa e Lula fica sem vitrine eleitoral para 2026"},"content":{"rendered":"<p> <br \/>\n<\/p>\n<div>\n<p class=\"postParagraph_post-paragraph-innerHtml__Q5vwc\">Lan\u00e7ado ainda em 2023 como uma das principais apostas do presidente Luiz In\u00e1cio Lula da Silva (PT), o Programa de Acelera\u00e7\u00e3o do Crescimento, apelidado de novo PAC, n\u00e3o trouxe o capital pol\u00edtico esperado pelo petista. Sem conseguir promover grandes obras pelo pa\u00eds, integrantes do Pal\u00e1cio do Planalto j\u00e1 admitem que o governo n\u00e3o ter\u00e1 uma grande vitrine para explorar na campanha eleitoral de 2026.\u00a0<\/p>\n<p class=\"postParagraph_post-paragraph__juWZN\">Inicialmente, o novo PAC previa retomar ou come\u00e7ar pelo menos 23 mil obras ao longo dos quatro anos de governo. Contudo, at\u00e9 o momento, cerca de 48,6% dos empreendimentos ainda est\u00e3o em a\u00e7\u00e3o preparat\u00f3ria. Ou seja, em contrata\u00e7\u00e3o, estudo, projeto de engenharia e\/ou licenciamento ambiental. Na pr\u00e1tica, os projetos que est\u00e3o nessa fase ainda n\u00e3o tiveram in\u00edcio.<\/p>\n<p class=\"postParagraph_post-paragraph__juWZN\">Do total, apenas 3,8 mil obras\u00a0foram conclu\u00eddas, enquanto\u00a0cerca de 5 mil ainda est\u00e3o em fase de execu\u00e7\u00e3o e 2,8 mil est\u00e3o em fase de licita\u00e7\u00e3o ou leil\u00e3o. No final de maio, por exemplo, Lula esteve na Para\u00edba para entregar parte da obra do chamado Ramal Apodi, que faz parte da transposi\u00e7\u00e3o do Rio S\u00e3o Francisco.<\/p>\n<p class=\"postParagraph_post-paragraph__juWZN\">Essa obra foi iniciada ainda em 2021, no governo do ex-presidente Jair Bolsonaro (PL), e o evento organizado por Lula ocorreu apesar de menos de 75% do ramal ter sido conclu\u00eddo, at\u00e9 o momento.<\/p>\n<p class=\"postParagraph_post-paragraph-innerHtml__Q5vwc\">\u201cSempre vai existir a seca, agora a fome por causa dela \u00e9 falta de vergonha na cara das pessoas que governam esse pa\u00eds. O rio nasceu em Minas Gerais, ele passa por aqui e de l\u00e1 vai para o mar. O que eu quero \u00e9 pegar um pouquinho de \u00e1gua antes dela chegar no mar e trazer de volta para o povo do sert\u00e3o\u201d, disse o petista na ocasi\u00e3o.\u00a0<\/p>\n<p class=\"postParagraph_post-paragraph__juWZN\">O apag\u00e3o do novo PAC acontece justamente em meio ao movimento do Minist\u00e9rio da Fazenda de bloquear R$ 31,3 bilh\u00f5es do Or\u00e7amento para cumprir a meta fiscal. O contingenciamento no programa de obras ser\u00e1 de cerca de R$ 7 bilh\u00f5es. Apesar disso, Lula afirmou na \u00faltima semana que o programa est\u00e1 &#8220;andando com rapidez&#8221;.<\/p>\n<p class=\"postParagraph_post-paragraph__juWZN\">\u201cNunca houve no pa\u00eds um momento de tanta combina\u00e7\u00e3o entre pol\u00edticas de inclus\u00e3o social, que combina mais emprego, que combina mais sal\u00e1rio, que combina mais distribui\u00e7\u00e3o de programas sociais, que combina com mais PAC. J\u00e1 executamos 711 bilh\u00f5es at\u00e9 agora nas obras do PAC, entre obras p\u00fablicas e privadas, numa demonstra\u00e7\u00e3o de que as coisas est\u00e3o andando com rapidez\u201d, afirmou Lula nesta ter\u00e7a-feira (3).<\/p>\n<div class=\"postViewMore_post-view-more-container___5wai\" data-mrf-recirculation=\"Post - Veja tamb\u00e9m\">\n<p class=\"gp-styles-module-size-small-afeYRa gp-styles-module-font-family2-afeYRa gp-styles-module-color-secondary-afeYRa gp-styles-module-weight-bold-afeYRa\">VEJA TAMB\u00c9M:<\/p>\n<ul class=\"postViewMore_post-view-more-list__CU_CE\">\n<li class=\"postViewMore_post-view-more-item__2MzRb\">\n<div class=\"postViewMore_post-view-more-image__5gUSe\"><picture class=\"imageDefault_image-container__XGd8_\"><\/picture><\/div>\n<p>Quiz da Gazeta do Povo: Tarc\u00edsio e Bolsonaro t\u00eam as melhores avalia\u00e7\u00f5es entre nomes da direita<\/li>\n<li class=\"postViewMore_post-view-more-item__2MzRb\">\n<div class=\"postViewMore_post-view-more-image__5gUSe\"><picture class=\"imageDefault_image-container__XGd8_\"><img loading=\"lazy\" alt=\"\" loading=\"lazy\" width=\"72\" height=\"72\" decoding=\"async\" data-nimg=\"1\" class=\"imageDefault_image-item__lU2Dk\" style=\"color:transparent\" src=\"https:\/\/media.gazetadopovo.com.br\/2025\/05\/19143651\/54507859574_75205931b2_c-380x214.jpg.webp\"\/><\/picture><\/div>\n<p>Ind\u00edcios contra parlamentares podem levar investiga\u00e7\u00f5es de fraudes no INSS ao STF<\/li>\n<\/ul>\n<\/div>\n<h2 class=\"postParagraph_post-paragraph__juWZN postParagraph_type-tag-h2__TtFkT\">Sem grandes obras, Lula foca em entregas menores pelo pa\u00eds\u00a0<\/h2>\n<p class=\"postParagraph_post-paragraph__juWZN\">Diante da dificuldade de retomar grandes obras ou investimentos maiores, Lula tem dedicado suas agendas em pequenas entregas pelo pa\u00eds. A estrat\u00e9gia se d\u00e1 em meio ao derretimento de popularidade de petista ao longo dos \u00faltimos meses.<\/p>\n<p class=\"postParagraph_post-paragraph-innerHtml__Q5vwc\">Pesquisa Quaest divulgada nesta quarta-feira (4) mostrou que a desaprova\u00e7\u00e3o atinge 57% dos brasileiros, enquanto a aprova\u00e7\u00e3o est\u00e1 em 40%. Segundo o levantamento, a rejei\u00e7\u00e3o a Lula est\u00e1 alta nas regi\u00f5es Sudeste (64%), Sul (62%) e Centro-Oeste\/Norte (55%), j\u00e1 no Nordeste fica em 44%.<\/p>\n<p class=\"postParagraph_post-paragraph-innerHtml__Q5vwc\">A pesquisa da Quaest foi realizada entre os dias 29 de maio e 1\u00ba de junho com 2.004 pessoas em 120 cidades. A margem de erro \u00e9 de 2 pontos percentuais para mais ou para menos, com grau de confian\u00e7a de 95%.\u00a0<\/p>\n<p class=\"postParagraph_post-paragraph-innerHtml__Q5vwc\">Uma das estrat\u00e9gias do Pal\u00e1cio do Planalto para tentar contornar a crise de popularidade do governo \u00e9 organizar viagens de Lula pelo pa\u00eds. Sem grandes obras, a agenda costuma ser voltada para entregas menores como, por exemplo, a viagem feita em mar\u00e7o, para Sorocaba, no interior de S\u00e3o Paulo, quando o presidente liberou cerca de 700 novas ambul\u00e2ncias para a frota do Servi\u00e7o de Atendimento M\u00f3vel de Urg\u00eancia (Samu).\u00a0<\/p>\n<p class=\"postParagraph_post-paragraph__juWZN\">Ap\u00f3s retornar da Fran\u00e7a, na pr\u00f3xima semana, a expectativa \u00e9 de que o petista volte a cumprir agendas pelo pa\u00eds, justamente para tentar reverter o cen\u00e1rio de desaprova\u00e7\u00e3o. As viagens devem incluir entregas de escolas e postos de sa\u00fade, justamente para tentar atingir parte do eleitorado impactado na rejei\u00e7\u00e3o ao governo petista.<\/p>\n<p class=\"postParagraph_post-paragraph__juWZN\">Neste cen\u00e1rio, o governo lan\u00e7ou neste ano um segmento do novo PAC voltado para a constru\u00e7\u00e3o de creches e compra de \u00f4nibus escolares. Segundo o governo, ser\u00e3o R$ 2,3 bilh\u00f5es em investimentos para a constru\u00e7\u00e3o de 500 novas creches e pr\u00e9-escolas de educa\u00e7\u00e3o infantil e a aquisi\u00e7\u00e3o de mil novos \u00f4nibus. Essas entregas, no entanto, s\u00e3o vistas dentro do Planalto com menos chances de repercutir politicamente para Lula como em outras obras do PAC, como ferrovias e portos pelo pa\u00eds, por exemplo.<\/p>\n<p class=\"postParagraph_post-paragraph-innerHtml__Q5vwc\">&#8220;N\u00f3s j\u00e1 estamos em modo campanha. Tirar Lula do Pal\u00e1cio d\u00e1 a ideia de movimento e proximidade com o povo. O tamanho da obra pouco importa, mais importante \u00e9 a presen\u00e7a dele fora de Bras\u00edlia. Lula \u00e9 o garoto-propaganda do governo. A ida \u00e9 mais importante que a obra em si, esse \u00e9 o sentido pol\u00edtico&#8221;, disse o secret\u00e1rio nacional de Comunica\u00e7\u00e3o do PT, Jilmar Tatto, em entrevista ao jornal <em>O Globo<\/em>.<\/p>\n<h2 class=\"postParagraph_post-paragraph-innerHtml__Q5vwc postParagraph_type-tag-h2__TtFkT\">Lula entra em embate com governadores sobre obras do novo PAC\u00a0<\/h2>\n<p class=\"postParagraph_post-paragraph__juWZN\">Al\u00e9m de tentar capitalizar politicamente as entregas do novo PAC, as viagens de Lula pelo pa\u00eds tem gerado embates com os governadores de alguns estados. Recentemente, durante uma visita ao munic\u00edpio de Itaja\u00ed, em Santa Catarina, criticou a aus\u00eancia do governador Jorginho Mello (PL) em seu palanque.\u00a0&#8220;Est\u00e3o com raiva, n\u00e3o vieram, nem vir\u00e3o e n\u00e3o t\u00eam coragem de dizer o que fizeram pelo pa\u00eds&#8221;, disse Lula.<\/p>\n<p class=\"postParagraph_post-paragraph-innerHtml__Q5vwc\">Na sequ\u00eancia, o\u00a0ministro de Portos e Aeroportos, Silvio Costa Filho, acusou o governador catarinense de ser \u201cingrato\u201d. \u201cEu n\u00e3o ia nem falar isso, mas se tem um governador que est\u00e1 sendo ingrato com o presidente Lula \u00e9 o governador deste estado aqui\u201d, disparou Costa Filho.\u00a0<\/p>\n<p class=\"postParagraph_post-paragraph-innerHtml__Q5vwc\">Em resposta, Jorginho Mello usou as redes sociais para rebater as cr\u00edticas e afirmou que o governo federal n\u00e3o tem investido em obras no estado como propagado pela atual gest\u00e3o presidencial. Ele ainda disse que Lula &#8220;veio entregar conversa mole&#8221; em Santa Catarina. &#8220;A cada R$ 100,00 que Santa Catarina manda para Bras\u00edlia, apenas R$ 10,00 s\u00e3o devolvidos [&#8230;] Ainda somos ingratos?&#8221;, rebateu o governador.<\/p>\n<p class=\"postParagraph_post-paragraph__juWZN\">Antes disso, o presidente criticou a aus\u00eancia dos gestores estaduais durante um evento no Pal\u00e1cio do Planalto para divulgar o PAC Sele\u00e7\u00f5es. Na ocasi\u00e3o, apenas oito dos 27 governadores estiveram presentes e outros tr\u00eas enviaram seus vice-governadores, dentre eles, Fel\u00edcio Ramuth, de S\u00e3o Paulo.<\/p>\n<p class=\"postParagraph_post-paragraph__juWZN\">&#8220;N\u00e3o \u00e9 porque governo de S\u00e3o Paulo \u00e9 oposi\u00e7\u00e3o que vou deixar de atender projetos. Quando a gente faz PAC Sele\u00e7\u00f5es \u00e9 novidade na politica brasileira, nunca se chamou entes federados para discutir pol\u00edtica p\u00fablica, era politica de amigo, de compadre&#8221;, disse Lula sem citar Tarc\u00edsio de Freitas, o governador paulista.<\/p>\n<\/div>\n<p><br \/>\n<br \/>Fonte: <a href=\"https:\/\/www.gazetadopovo.com.br\/republica\/novo-pac-fracassa-e-lula-fica-sem-vitrine-eleitoral-para-2026\/\">Revista Oeste<\/a><\/p>\n","protected":false},"excerpt":{"rendered":"<p>Lan\u00e7ado ainda em 2023 como uma das principais apostas do presidente Luiz In\u00e1cio Lula da Silva (PT), o Programa de Acelera\u00e7\u00e3o do Crescimento, apelidado de novo PAC, n\u00e3o trouxe o capital pol\u00edtico esperado pelo petista. Sem conseguir promover grandes obras pelo pa\u00eds, integrantes do Pal\u00e1cio do Planalto j\u00e1 admitem que o governo n\u00e3o ter\u00e1 uma [&hellip;]<\/p>\n","protected":false},"author":5,"featured_media":25333,"comment_status":"open","ping_status":"open","sticky":false,"template":"","format":"standard","meta":{"_seopress_robots_primary_cat":"","_seopress_titles_title":"","_seopress_titles_desc":"","_seopress_robots_index":"","footnotes":""},"categories":[1],"tags":[],"class_list":["post-25332","post","type-post","status-publish","format-standard","has-post-thumbnail","hentry","category-ultimas-noticias"],"_links":{"self":[{"href":"https:\/\/mussicom.com\/noticias\/wp-json\/wp\/v2\/posts\/25332","targetHints":{"allow":["GET"]}}],"collection":[{"href":"https:\/\/mussicom.com\/noticias\/wp-json\/wp\/v2\/posts"}],"about":[{"href":"https:\/\/mussicom.com\/noticias\/wp-json\/wp\/v2\/types\/post"}],"author":[{"embeddable":true,"href":"https:\/\/mussicom.com\/noticias\/wp-json\/wp\/v2\/users\/5"}],"replies":[{"embeddable":true,"href":"https:\/\/mussicom.com\/noticias\/wp-json\/wp\/v2\/comments?post=25332"}],"version-history":[{"count":0,"href":"https:\/\/mussicom.com\/noticias\/wp-json\/wp\/v2\/posts\/25332\/revisions"}],"wp:featuredmedia":[{"embeddable":true,"href":"https:\/\/mussicom.com\/noticias\/wp-json\/wp\/v2\/media\/25333"}],"wp:attachment":[{"href":"https:\/\/mussicom.com\/noticias\/wp-json\/wp\/v2\/media?parent=25332"}],"wp:term":[{"taxonomy":"category","embeddable":true,"href":"https:\/\/mussicom.com\/noticias\/wp-json\/wp\/v2\/categories?post=25332"},{"taxonomy":"post_tag","embeddable":true,"href":"https:\/\/mussicom.com\/noticias\/wp-json\/wp\/v2\/tags?post=25332"}],"curies":[{"name":"wp","href":"https:\/\/api.w.org\/{rel}","templated":true}]}}