{"id":25260,"date":"2025-06-06T14:52:14","date_gmt":"2025-06-06T17:52:14","guid":{"rendered":"https:\/\/mussicom.com\/primeira-turma-do-stf-nega-por-unanimidade-recursos-de-carla-zambelli\/"},"modified":"2025-06-06T14:52:14","modified_gmt":"2025-06-06T17:52:14","slug":"primeira-turma-do-stf-nega-por-unanimidade-recursos-de-carla-zambelli","status":"publish","type":"post","link":"https:\/\/mussicom.com\/noticias\/primeira-turma-do-stf-nega-por-unanimidade-recursos-de-carla-zambelli\/","title":{"rendered":"Primeira Turma do STF nega por unanimidade recursos de Carla Zambelli"},"content":{"rendered":"<p> <br \/>\n<\/p>\n<div>\n<p class=\"postParagraph_post-paragraph__juWZN\">A Primeira Turma do Supremo Tribunal Federal (STF) negou por unanimidade, nesta sexta (6), os recursos da defesa da deputada federal afastada Carla Zambelli (PL-SP) contra a decis\u00e3o que a condenou a 10 anos e 8 meses de pris\u00e3o pela suposta invas\u00e3o ao sistema do Conselho Nacional de Justi\u00e7a (CNJ) em 2023.<\/p>\n<p class=\"postParagraph_post-paragraph__juWZN\">O julgamento no plen\u00e1rio virtual come\u00e7ou no final da manh\u00e3 com o voto do relator, o ministro Alexandre de Moraes, e seguido na \u00edntegra por Luiz Fux, Cristiano Zanin, Fl\u00e1vio Dino e C\u00e1rmen L\u00facia.<\/p>\n<p class=\"postParagraph_post-paragraph__juWZN\">Moraes votou contra os recursos por avaliar como \u201ccar\u00e1ter meramente protelat\u00f3rio\u201d e ainda determinou a \u201ccertifica\u00e7\u00e3o do tr\u00e2nsito em julgado\u201d. Ou seja, para concluir o processo e executar a pena.<\/p>\n<div class=\"postViewMore_post-view-more-container___5wai\" data-mrf-recirculation=\"Post - Veja tamb\u00e9m\">\n<p class=\"gp-styles-module-size-small-afeYRa gp-styles-module-font-family2-afeYRa gp-styles-module-color-secondary-afeYRa gp-styles-module-weight-bold-afeYRa\">VEJA TAMB\u00c9M:<\/p>\n<ul class=\"postViewMore_post-view-more-list__CU_CE\">\n<li class=\"postViewMore_post-view-more-item__2MzRb\">\n<div class=\"postViewMore_post-view-more-image__5gUSe\"><picture class=\"imageDefault_image-container__XGd8_\"><\/picture><\/div>\n<p>Motta afasta Zambelli por 127 dias e bloqueia sal\u00e1rio da parlamentar<\/li>\n<\/ul>\n<\/div>\n<p class=\"postParagraph_post-paragraph__juWZN\">Para o relator, a defesa de Carla Zambelli buscava apenas \u201crediscutir pontos j\u00e1 decididos\u201d da decis\u00e3o e demonstrava \u201cmero inconformismo com a conclus\u00e3o adotada\u201d.<\/p>\n<p class=\"postParagraph_post-paragraph__juWZN\">\u201cRessalte-se, por oportuno, que o \u00d3rg\u00e3o Julgador n\u00e3o est\u00e1 obrigado a rebater pormenorizadamente todos os argumentos apresentados pela parte, bastando que motive o julgado com as raz\u00f5es que entendeu suficientes \u00e0 forma\u00e7\u00e3o do seu convencimento\u201d, escreveu Moraes.<\/p>\n<p class=\"postParagraph_post-paragraph__juWZN\">Entre as alega\u00e7\u00f5es da defesa da deputada est\u00e3o, entre outros pontos, omiss\u00e3o na an\u00e1lise do que seria uma falta de comando para o hacker Walter Delgatti Neto nas invas\u00f5es aos sistemas do CNJ, na negativa de acesso \u00e0 integralidade de 700GB de dados armazenados em nuvem dele, e na dosimetria da pena, entre outros.<\/p>\n<p class=\"postParagraph_post-paragraph__juWZN\">Para Moraes, h\u00e1 provas \u201cirrefut\u00e1veis\u201d do envolvimento direto de Carla Zambelli nos crimes investigados e que comprovam a inexist\u00eancia de v\u00edcios na decis\u00e3o.<\/p>\n<p class=\"postParagraph_post-paragraph__juWZN\">\u201cNos termos da fundamenta\u00e7\u00e3o, os embargantes apenas reiteram argumentos j\u00e1 enfrentados tanto no ac\u00f3rd\u00e3o condenat\u00f3rio, o que evidencia inten\u00e7\u00e3o procrastinat\u00f3ria na oposi\u00e7\u00e3o do presente recurso. A manifesta inadmissibilidade dos embargos, conforme a jurisprud\u00eancia desta CORTE, e seu car\u00e1ter meramente protelat\u00f3rio autorizam a certifica\u00e7\u00e3o do tr\u00e2nsito em julgado e o imediato cumprimento da decis\u00e3o condenat\u00f3ria\u201d, concluiu Moraes.<\/p>\n<p class=\"postParagraph_post-paragraph-innerHtml__Q5vwc\">Carla Zambelli ainda n\u00e3o se pronunciou sobre a decis\u00e3o da Primeira Turma do STF. A deputada anunciou nesta semana que est\u00e1 fora do Brasil para tratar de problemas de sa\u00fade e denunciar o que chama de desmandos do Judici\u00e1rio brasileiro.<\/p>\n<p class=\"postParagraph_post-paragraph-innerHtml__Q5vwc\">Na \u00faltima quarta (4), Moraes determinou a pris\u00e3o preventiva da parlamentar com a alega\u00e7\u00e3o de que ela est\u00e1 em &#8220;fuga do distrito da culpa&#8221; para n\u00e3o cumprir a condena\u00e7\u00e3o.<\/p>\n<p class=\"postParagraph_post-paragraph__juWZN\">&#8220;A r\u00e9, ciente de sua condena\u00e7\u00e3o, deve ser considerada foragida, por ter se evadido para outro pa\u00eds e anunciado publicamente sua perman\u00eancia na Europa e a transgress\u00e3o da decis\u00e3o condenat\u00f3ria proferida pela mais alta Corte do pa\u00eds, em que se cominou pena a ser cumprida inicialmente em regime fechado&#8221;, reproduziu Moraes do que foi alegado pela PGR.<\/p>\n<p class=\"postParagraph_post-paragraph__juWZN\">Al\u00e9m da pris\u00e3o preventiva, a Procuradoria ainda pediu a inclus\u00e3o do nome da parlamentar na lista vermelha da Interpol e a suspens\u00e3o de seu passaporte. O procurador-geral da Rep\u00fablica, Paulo Gonet, tamb\u00e9m pediu o sequestro de bens, valores, contas banc\u00e1rias, cart\u00f5es e da verba parlamentar.<\/p>\n<\/div>\n<p><br \/>\n<br \/>Fonte: <a href=\"https:\/\/www.gazetadopovo.com.br\/republica\/primeira-turma-stf-forma-maioria-negar-recursos-carla-zambelli\/\">Revista Oeste<\/a><\/p>\n","protected":false},"excerpt":{"rendered":"<p>A Primeira Turma do Supremo Tribunal Federal (STF) negou por unanimidade, nesta sexta (6), os recursos da defesa da deputada federal afastada Carla Zambelli (PL-SP) contra a decis\u00e3o que a condenou a 10 anos e 8 meses de pris\u00e3o pela suposta invas\u00e3o ao sistema do Conselho Nacional de Justi\u00e7a (CNJ) em 2023. O julgamento no [&hellip;]<\/p>\n","protected":false},"author":5,"featured_media":25261,"comment_status":"open","ping_status":"open","sticky":false,"template":"","format":"standard","meta":{"_seopress_robots_primary_cat":"","_seopress_titles_title":"","_seopress_titles_desc":"","_seopress_robots_index":"","footnotes":""},"categories":[1],"tags":[],"class_list":["post-25260","post","type-post","status-publish","format-standard","has-post-thumbnail","hentry","category-ultimas-noticias"],"_links":{"self":[{"href":"https:\/\/mussicom.com\/noticias\/wp-json\/wp\/v2\/posts\/25260","targetHints":{"allow":["GET"]}}],"collection":[{"href":"https:\/\/mussicom.com\/noticias\/wp-json\/wp\/v2\/posts"}],"about":[{"href":"https:\/\/mussicom.com\/noticias\/wp-json\/wp\/v2\/types\/post"}],"author":[{"embeddable":true,"href":"https:\/\/mussicom.com\/noticias\/wp-json\/wp\/v2\/users\/5"}],"replies":[{"embeddable":true,"href":"https:\/\/mussicom.com\/noticias\/wp-json\/wp\/v2\/comments?post=25260"}],"version-history":[{"count":0,"href":"https:\/\/mussicom.com\/noticias\/wp-json\/wp\/v2\/posts\/25260\/revisions"}],"wp:featuredmedia":[{"embeddable":true,"href":"https:\/\/mussicom.com\/noticias\/wp-json\/wp\/v2\/media\/25261"}],"wp:attachment":[{"href":"https:\/\/mussicom.com\/noticias\/wp-json\/wp\/v2\/media?parent=25260"}],"wp:term":[{"taxonomy":"category","embeddable":true,"href":"https:\/\/mussicom.com\/noticias\/wp-json\/wp\/v2\/categories?post=25260"},{"taxonomy":"post_tag","embeddable":true,"href":"https:\/\/mussicom.com\/noticias\/wp-json\/wp\/v2\/tags?post=25260"}],"curies":[{"name":"wp","href":"https:\/\/api.w.org\/{rel}","templated":true}]}}