{"id":25252,"date":"2025-06-06T13:51:08","date_gmt":"2025-06-06T16:51:08","guid":{"rendered":"https:\/\/mussicom.com\/lula-critica-taxacao-de-trump-e-diz-que-mundo-nao-quer-xerife-e-nao-tem-dono\/"},"modified":"2025-06-06T13:51:08","modified_gmt":"2025-06-06T16:51:08","slug":"lula-critica-taxacao-de-trump-e-diz-que-mundo-nao-quer-xerife-e-nao-tem-dono","status":"publish","type":"post","link":"https:\/\/mussicom.com\/noticias\/lula-critica-taxacao-de-trump-e-diz-que-mundo-nao-quer-xerife-e-nao-tem-dono\/","title":{"rendered":"Lula critica taxa\u00e7\u00e3o de Trump e diz que \u201cmundo n\u00e3o quer xerife e n\u00e3o tem dono\u201d"},"content":{"rendered":"<p> <br \/>\n<\/p>\n<div>\n<p class=\"postParagraph_post-paragraph-innerHtml__Q5vwc\">O presidente Luiz In\u00e1cio Lula da Silva (PT) retomou nesta sexta (6) os ataques ao hom\u00f3logo dos Estados Unidos, Donald Trump, por conta da taxa\u00e7\u00e3o que vem sendo imposta a dezenas de pa\u00edses do mundo desde abril. Mais recentemente, ele elevou a sobretaxa a importa\u00e7\u00f5es de a\u00e7o a 50%, que atinge diretamente o Brasil.<\/p>\n<p class=\"postParagraph_post-paragraph__juWZN\">Lula tem sido um forte cr\u00edtico \u00e0 taxa\u00e7\u00e3o imposta por Trump, ora afirmando que vai adotar a reciprocidade com produtos americanos e ora dizendo que vai esgotar todos os mecanismos diplom\u00e1ticos, al\u00e9m de recorrer \u00e0 Organiza\u00e7\u00e3o Mundial do Com\u00e9rcio (OMC).<\/p>\n<p class=\"postParagraph_post-paragraph__juWZN\">\u201c[O acordo entre a Uni\u00e3o Europeia e o Mercosul] \u00e9 uma demonstra\u00e7\u00e3o a quem est\u00e1 tentando derrubar o multilateralismo, a voltar a fazer o protecionismo, de que o mundo n\u00e3o quer xerife. O mundo n\u00e3o tem dono, cada pa\u00eds \u00e9 soberano e, de acordo com a sua soberania, faz aquilo que quiser sem que ningu\u00e9m de outro pa\u00eds d\u00ea palpite ou imponha taxa\u00e7\u00e3o de forma desordenada a quebrar a harmonia de uma economia que j\u00e1 vinha funcionando bem\u201d, disse ao final do F\u00f3rum Econ\u00f4mico Brasil-Fran\u00e7a, realizado mais cedo em Paris.<\/p>\n<div class=\"postViewMore_post-view-more-container___5wai\" data-mrf-recirculation=\"Post - Veja tamb\u00e9m\">\n<p class=\"gp-styles-module-size-small-afeYRa gp-styles-module-font-family2-afeYRa gp-styles-module-color-secondary-afeYRa gp-styles-module-weight-bold-afeYRa\">VEJA TAMB\u00c9M:<\/p>\n<ul class=\"postViewMore_post-view-more-list__CU_CE\">\n<li class=\"postViewMore_post-view-more-item__2MzRb\">\n<div class=\"postViewMore_post-view-more-image__5gUSe\"><picture class=\"imageDefault_image-container__XGd8_\"><\/picture><\/div>\n<p>Governo quer apurar se existem mais processos contra Moraes nos EUA<\/li>\n<\/ul>\n<\/div>\n<p class=\"postParagraph_post-paragraph__juWZN\">O presidente brasileiro emendou a cr\u00edtica afirmando que o mundo n\u00e3o aceita mais uma \u201cguerra fria\u201d de declara\u00e7\u00f5es e que o Brasil n\u00e3o quer disputar o com\u00e9rcio bilateral apenas com a China ou com os Estados Unidos ou com apenas um ou outro pa\u00eds europeu. Lula afirmou que quer manter neg\u00f3cios com todos, e que o mesmo deve ocorrer no sentido contr\u00e1rio.<\/p>\n<p class=\"postParagraph_post-paragraph__juWZN\">\u201cN\u00f3s n\u00e3o podemos ter o direito de ser donos do com\u00e9rcio mundial\u201d, completou.<\/p>\n<p class=\"postParagraph_post-paragraph__juWZN\">Ainda durante o discurso, Lula afirmou que tem viajado o mundo e que pretende continuar fazendo-o para ampliar as rela\u00e7\u00f5es comerciais bilaterais, e que seus ministros de com\u00e9rcio e empres\u00e1rios devem viajar tamb\u00e9m para buscar novos mercados para os produtos brasileiros.<\/p>\n<p class=\"postParagraph_post-paragraph__juWZN\">O petista emendou que, ap\u00f3s a realiza\u00e7\u00e3o das reuni\u00f5es do Brics, em Bras\u00edlia, ele receber\u00e1 visitas de Estado da \u00cdndia, do Egito e da Indon\u00e9sia, e que os empres\u00e1rios e ministros precisam se preparar para fechar neg\u00f3cios com um mercado potencial de 1,7 bilh\u00e3o de pessoas.<\/p>\n<p class=\"postParagraph_post-paragraph__juWZN\">Ele completou afirmando que entende as alega\u00e7\u00f5es do presidente franc\u00eas Emmanuel Macron sobre o acordo entre a Uni\u00e3o Europeia e o Mercosul referentes a reclama\u00e7\u00f5es dos agricultores do pa\u00eds, mas afirmou que a parceria ser\u00e1 complementar e que ambos os lados sair\u00e3o ganhando.<\/p>\n<p class=\"postParagraph_post-paragraph-innerHtml__Q5vwc\">Repetiu, ainda, que pediu a Macron para \u201cabrir o cora\u00e7\u00e3o\u201d e aceitar o acordo, que planeja concluir no segundo semestre durante a presid\u00eancia rotativa do Mercosul.<\/p>\n<\/div>\n<p><br \/>\n<br \/>Fonte: <a href=\"https:\/\/www.gazetadopovo.com.br\/republica\/lula-critica-taxacao-trump-mundo-nao-quer-xerife-nao-tem-dono\/\">Revista Oeste<\/a><\/p>\n","protected":false},"excerpt":{"rendered":"<p>O presidente Luiz In\u00e1cio Lula da Silva (PT) retomou nesta sexta (6) os ataques ao hom\u00f3logo dos Estados Unidos, Donald Trump, por conta da taxa\u00e7\u00e3o que vem sendo imposta a dezenas de pa\u00edses do mundo desde abril. Mais recentemente, ele elevou a sobretaxa a importa\u00e7\u00f5es de a\u00e7o a 50%, que atinge diretamente o Brasil. Lula [&hellip;]<\/p>\n","protected":false},"author":5,"featured_media":25253,"comment_status":"open","ping_status":"open","sticky":false,"template":"","format":"standard","meta":{"_seopress_robots_primary_cat":"","_seopress_titles_title":"","_seopress_titles_desc":"","_seopress_robots_index":"","footnotes":""},"categories":[1],"tags":[],"class_list":["post-25252","post","type-post","status-publish","format-standard","has-post-thumbnail","hentry","category-ultimas-noticias"],"_links":{"self":[{"href":"https:\/\/mussicom.com\/noticias\/wp-json\/wp\/v2\/posts\/25252","targetHints":{"allow":["GET"]}}],"collection":[{"href":"https:\/\/mussicom.com\/noticias\/wp-json\/wp\/v2\/posts"}],"about":[{"href":"https:\/\/mussicom.com\/noticias\/wp-json\/wp\/v2\/types\/post"}],"author":[{"embeddable":true,"href":"https:\/\/mussicom.com\/noticias\/wp-json\/wp\/v2\/users\/5"}],"replies":[{"embeddable":true,"href":"https:\/\/mussicom.com\/noticias\/wp-json\/wp\/v2\/comments?post=25252"}],"version-history":[{"count":0,"href":"https:\/\/mussicom.com\/noticias\/wp-json\/wp\/v2\/posts\/25252\/revisions"}],"wp:featuredmedia":[{"embeddable":true,"href":"https:\/\/mussicom.com\/noticias\/wp-json\/wp\/v2\/media\/25253"}],"wp:attachment":[{"href":"https:\/\/mussicom.com\/noticias\/wp-json\/wp\/v2\/media?parent=25252"}],"wp:term":[{"taxonomy":"category","embeddable":true,"href":"https:\/\/mussicom.com\/noticias\/wp-json\/wp\/v2\/categories?post=25252"},{"taxonomy":"post_tag","embeddable":true,"href":"https:\/\/mussicom.com\/noticias\/wp-json\/wp\/v2\/tags?post=25252"}],"curies":[{"name":"wp","href":"https:\/\/api.w.org\/{rel}","templated":true}]}}