{"id":25231,"date":"2025-06-06T10:48:10","date_gmt":"2025-06-06T13:48:10","guid":{"rendered":"https:\/\/mussicom.com\/uma-semana-pessima-no-brasil-e-a-proxima-pode-ser-ainda-pior\/"},"modified":"2025-06-06T10:48:10","modified_gmt":"2025-06-06T13:48:10","slug":"uma-semana-pessima-no-brasil-e-a-proxima-pode-ser-ainda-pior","status":"publish","type":"post","link":"https:\/\/mussicom.com\/noticias\/uma-semana-pessima-no-brasil-e-a-proxima-pode-ser-ainda-pior\/","title":{"rendered":"Uma semana p\u00e9ssima no Brasil \u2013 e a pr\u00f3xima pode ser ainda pior"},"content":{"rendered":"<p> <br \/>\n<\/p>\n<div>\n<p class=\"postParagraph_post-paragraph-innerHtml__Q5vwc\">Enquanto a C\u00e2mara dos Deputados e o Senado suspendiam sua programa\u00e7\u00e3o normal nesta semana para receber representantes de ditaduras dos BRICS em Bras\u00edlia, o Brasil viveu uma das suas piores semanas. Como quem sabe que a vigil\u00e2ncia democr\u00e1tica diminui quando os microfones do Congresso ficam desligados, uma caixa de maldades foi destampada a c\u00e9u aberto. Vimos de agress\u00f5es a direitos, garantias e princ\u00edpios b\u00e1sicos do Estado de Direito ao espet\u00e1culo p\u00fablico da impunidade a quem faz chorar e da cadeia a quem faz sorrir.<\/p>\n<p class=\"postParagraph_post-paragraph-innerHtml__Q5vwc\">Comecemos pela deputada Carla Zambelli. Alexandre de Moraes, reincidente em abusos, decidiu mandar prend\u00ea-la por provoca\u00e7\u00e3o de outro deputado, Lindbergh Farias (um absurdo!). Mandou bloquear suas contas, cortar seu sal\u00e1rio e, ainda por cima, confiscar a verba destinada \u00e0 sua atividade de deputada federal para pagar multa pessoal imposta pelo pr\u00f3prio STF. Como se n\u00e3o bastasse, estendeu a censura \u00e0 m\u00e3e e ao filho menor de idade da parlamentar. O Brasil j\u00e1 assistiu a muita coisa. Mas censura a quem ainda n\u00e3o \u00e9 adulto? \u00c9 o novo patamar da tirania togada.<\/p>\n<blockquote class=\"postQuote_post-quote-container__KXTpH\">\n<div class=\"postQuote_post-quote-content__wp4c4\">\n<p>Enquanto isso, os presidentes do Senado e da C\u00e2mara assistem a tudo sem reagir. Retomaremos os trabalhos na semana que vem sem cobrar explica\u00e7\u00f5es do que aconteceu nesta semana? E parte da imprensa, continuar\u00e1 fingindo que vivemos em plena normalidade democr\u00e1tica? \u00c9 preciso romper este sil\u00eancio. Escancarar ainda mais os abusos<\/p>\n<\/div>\n<\/blockquote>\n<p class=\"postParagraph_post-paragraph-innerHtml__Q5vwc\">J\u00e1 o Conselho Nacional de Justi\u00e7a (CNJ), que tamb\u00e9m \u00e9 comandado pelo Supremo Tribunal Federal (STF), decretou a aposentadoria compuls\u00f3ria do juiz Marcelo Bretas. \u00c9 o mesmo Bretas que ousou peitar os poderosos durante a Lava Jato mas que, agora sob o regime PT-STF, foi tirado do jogo. O recado \u00e9 claro: quem mexer com os donos do poder no Brasil, perde o cargo. J\u00e1 quem os protege, ganha condecora\u00e7\u00e3o.<\/p>\n<p class=\"postParagraph_post-paragraph-innerHtml__Q5vwc\">No Tribunal Superior Eleitoral (TSE), a hist\u00f3ria se repetiu: Luciano Hang, s\u00edmbolo do empresariado independente e conservador, foi tornado ineleg\u00edvel por ter anunciado a abertura de uma loja da Havan em Santa Rosa (RS), quatro dias antes da elei\u00e7\u00e3o de 2024. Teria sido configurado um \u201cshowm\u00edcio\u201d, segundo os \u201cint\u00e9rpretes criativos\u201d da lei eleitoral. Abuso de poder econ\u00f4mico, tamb\u00e9m. Por\u00e9m a verdade \u00e9 que h\u00e1 no Brasil o abuso de Poder Judici\u00e1rio. Hang se junta agora \u00e0 crescente lista de brasileiros vetados de disputar elei\u00e7\u00f5es por serem\u2026 de direita. Vetado, ali\u00e1s, sem sequer ter disputado qualquer elei\u00e7\u00e3o e, at\u00e9 onde se sabe, n\u00e3o deter filia\u00e7\u00e3o partid\u00e1ria.<\/p>\n<div class=\"postViewMore_post-view-more-container___5wai\" data-mrf-recirculation=\"Post - Veja tamb\u00e9m\">\n<p class=\"gp-styles-module-size-small-afeYRa gp-styles-module-font-family2-afeYRa gp-styles-module-color-secondary-afeYRa gp-styles-module-weight-bold-afeYRa\">VEJA TAMB\u00c9M:<\/p>\n<ul class=\"postViewMore_post-view-more-list__CU_CE\">\n<li class=\"postViewMore_post-view-more-item__2MzRb\"><span class=\"postViewMore_post-view-more-link-icon___stPC\"><svg xmlns=\"http:\/\/www.w3.org\/2000\/svg\" width=\"16\" height=\"16\" viewbox=\"0 0 16 16\"><rect width=\"16\" height=\"16\" fill=\"none\"\/><g transform=\"translate(3 3)\"><path d=\"M22.5,15l3.4,3.4-3.4,3.4\" transform=\"translate(-15.896 -11.793)\" fill=\"none\" stroke=\"#717171\" stroke-linecap=\"round\" stroke-width=\"1.4\"\/><path d=\"M6,6v4.2a2.452,2.452,0,0,0,2.5,2.4H16\" transform=\"translate(-6 -6)\" fill=\"none\" stroke=\"#717171\" stroke-linecap=\"round\" stroke-width=\"1.4\"\/><\/g><\/svg><\/span><span class=\"postViewMore_post-view-more-link-text__hO_kM\">Alexandre de Moraes na mira do mundo livre<\/span><\/li>\n<\/ul>\n<\/div>\n<p class=\"postParagraph_post-paragraph-innerHtml__Q5vwc\">E, num tribunal \u00e0 parte chamado o tribunal da opini\u00e3o p\u00fablica, vimos mais um cap\u00edtulo da novela da invers\u00e3o moral a que estamos expostos: MC Poze do Rodo, com longa ficha policial e liga\u00e7\u00f5es expl\u00edcitas com o crime organizado segundo as investiga\u00e7\u00f5es policiais sobre si, foi solto com um senten\u00e7a judicial digna de palanque pol\u00edtico. O desembargador definiu MC Poze como \u201cum jovem que canta e ganha seu p\u00e3o de cada dia\u201d. \u00c9 o novo normal da moral estatal \u2013 sem falar nos milhares de f\u00e3s que receberam na porta do pres\u00eddio o seu \u00eddolo enquanto os policiais que o acompanhavam assistiam atordoados ao sinistro espet\u00e1culo.<\/p>\n<p class=\"postParagraph_post-paragraph-innerHtml__Q5vwc\">Por fim, a cereja desse indigesto bolo: o humorista L\u00e9o Lins foi condenado a inacredit\u00e1veis oito anos de pris\u00e3o por um show de com\u00e9dia no YouTube. O crime? Fazer piada. O mesmo Estado que aplaude manifesta\u00e7\u00f5es \u201cart\u00edsticas\u201d escatol\u00f3gicas e \u201cperformances\u201d com crucifixos profanados, agora quer encarcerar um comediante por piadas politicamente incorretas. A liberdade de express\u00e3o no Brasil virou privil\u00e9gio da esquerda woke. E quem ousar fazer rir do que n\u00e3o pode, vai preso. Meu \u00fanico consolo pessoal \u00e9 que votei contra, na C\u00e2mara, o projeto de lei que criou o tipo penal que agora d\u00e1 pris\u00e3o a humoristas e artistas. Mas meu voto valeu pouco: somente o Novo orientou contrariamente \u00e0 mat\u00e9ria e ela foi aprovada, no fim de 2022, com apoio de todos os demais partidos.<\/p>\n<div class=\"postViewMore_post-view-more-container___5wai\" data-mrf-recirculation=\"Post - Veja tamb\u00e9m\">\n<p class=\"gp-styles-module-size-small-afeYRa gp-styles-module-font-family2-afeYRa gp-styles-module-color-secondary-afeYRa gp-styles-module-weight-bold-afeYRa\">VEJA TAMB\u00c9M:<\/p>\n<ul class=\"postViewMore_post-view-more-list__CU_CE\">\n<li class=\"postViewMore_post-view-more-item__2MzRb\"><span class=\"postViewMore_post-view-more-link-icon___stPC\"><svg xmlns=\"http:\/\/www.w3.org\/2000\/svg\" width=\"16\" height=\"16\" viewbox=\"0 0 16 16\"><rect width=\"16\" height=\"16\" fill=\"none\"\/><g transform=\"translate(3 3)\"><path d=\"M22.5,15l3.4,3.4-3.4,3.4\" transform=\"translate(-15.896 -11.793)\" fill=\"none\" stroke=\"#717171\" stroke-linecap=\"round\" stroke-width=\"1.4\"\/><path d=\"M6,6v4.2a2.452,2.452,0,0,0,2.5,2.4H16\" transform=\"translate(-6 -6)\" fill=\"none\" stroke=\"#717171\" stroke-linecap=\"round\" stroke-width=\"1.4\"\/><\/g><\/svg><\/span><span class=\"postViewMore_post-view-more-link-text__hO_kM\">O Parlamento reage \u00e0 ditadura da toga!<\/span><\/li>\n<\/ul>\n<\/div>\n<p class=\"postParagraph_post-paragraph-innerHtml__Q5vwc\">Esses epis\u00f3dios n\u00e3o s\u00e3o isolados. S\u00e3o pe\u00e7as de um mesmo tabuleiro, o da democracia do piti, da toga sem freios, do cons\u00f3rcio Lula-PT-STF. J\u00e1 denunciei esse <em>modus operandi<\/em> em outros momentos: na censura \u00e0s redes, na persegui\u00e7\u00e3o a jornalistas, na aniquila\u00e7\u00e3o da imunidade parlamentar. Esta semana, a escalada s\u00f3 se aprofundou.<\/p>\n<p class=\"postParagraph_post-paragraph__juWZN\">Enquanto isso, os presidentes do Senado e da C\u00e2mara assistem a tudo sem reagir. Retomaremos os trabalhos na semana que vem sem cobrar explica\u00e7\u00f5es do que aconteceu nesta semana? E parte da imprensa, continuar\u00e1 fingindo que vivemos no Brasil em plena normalidade democr\u00e1tica? \u00c9 preciso romper este sil\u00eancio. Escancarar ainda mais os abusos. Pressionar por rea\u00e7\u00e3o institucional. Porque se mais essa semana passar impune, a \u00fanica certeza que teremos \u00e9 que a pr\u00f3xima ser\u00e1 ainda pior.<\/p>\n<\/div>\n<p><br \/>\n<br \/>Fonte: <a href=\"https:\/\/www.gazetadopovo.com.br\/vozes\/marcel-van-hattem\/brasil-semana-pessima-proxima-tem-tudo-para-ser-pior\/\">Revista Oeste<\/a><\/p>\n","protected":false},"excerpt":{"rendered":"<p>Enquanto a C\u00e2mara dos Deputados e o Senado suspendiam sua programa\u00e7\u00e3o normal nesta semana para receber representantes de ditaduras dos BRICS em Bras\u00edlia, o Brasil viveu uma das suas piores semanas. Como quem sabe que a vigil\u00e2ncia democr\u00e1tica diminui quando os microfones do Congresso ficam desligados, uma caixa de maldades foi destampada a c\u00e9u aberto. [&hellip;]<\/p>\n","protected":false},"author":5,"featured_media":25232,"comment_status":"open","ping_status":"open","sticky":false,"template":"","format":"standard","meta":{"_seopress_robots_primary_cat":"","_seopress_titles_title":"","_seopress_titles_desc":"","_seopress_robots_index":"","footnotes":""},"categories":[1],"tags":[],"class_list":["post-25231","post","type-post","status-publish","format-standard","has-post-thumbnail","hentry","category-ultimas-noticias"],"_links":{"self":[{"href":"https:\/\/mussicom.com\/noticias\/wp-json\/wp\/v2\/posts\/25231","targetHints":{"allow":["GET"]}}],"collection":[{"href":"https:\/\/mussicom.com\/noticias\/wp-json\/wp\/v2\/posts"}],"about":[{"href":"https:\/\/mussicom.com\/noticias\/wp-json\/wp\/v2\/types\/post"}],"author":[{"embeddable":true,"href":"https:\/\/mussicom.com\/noticias\/wp-json\/wp\/v2\/users\/5"}],"replies":[{"embeddable":true,"href":"https:\/\/mussicom.com\/noticias\/wp-json\/wp\/v2\/comments?post=25231"}],"version-history":[{"count":0,"href":"https:\/\/mussicom.com\/noticias\/wp-json\/wp\/v2\/posts\/25231\/revisions"}],"wp:featuredmedia":[{"embeddable":true,"href":"https:\/\/mussicom.com\/noticias\/wp-json\/wp\/v2\/media\/25232"}],"wp:attachment":[{"href":"https:\/\/mussicom.com\/noticias\/wp-json\/wp\/v2\/media?parent=25231"}],"wp:term":[{"taxonomy":"category","embeddable":true,"href":"https:\/\/mussicom.com\/noticias\/wp-json\/wp\/v2\/categories?post=25231"},{"taxonomy":"post_tag","embeddable":true,"href":"https:\/\/mussicom.com\/noticias\/wp-json\/wp\/v2\/tags?post=25231"}],"curies":[{"name":"wp","href":"https:\/\/api.w.org\/{rel}","templated":true}]}}