{"id":25184,"date":"2025-06-06T03:41:04","date_gmt":"2025-06-06T06:41:04","guid":{"rendered":"https:\/\/mussicom.com\/governo-trump-ameaca-descredenciar-columbia\/"},"modified":"2025-06-06T03:41:04","modified_gmt":"2025-06-06T06:41:04","slug":"governo-trump-ameaca-descredenciar-columbia","status":"publish","type":"post","link":"https:\/\/mussicom.com\/noticias\/governo-trump-ameaca-descredenciar-columbia\/","title":{"rendered":"Governo Trump amea\u00e7a descredenciar Columbia"},"content":{"rendered":"<p> <br \/>\n<\/p>\n<div>\n<p class=\"postParagraph_post-paragraph__juWZN\">O Escrit\u00f3rio de Direitos Civis do Departamento de Educa\u00e7\u00e3o dos Estados Unidos notificou nesta quarta-feira (4) a Universidade de Columbia, em Nova York, a respeito da possibilidade de retirada do credenciamento da institui\u00e7\u00e3o.<\/p>\n<p class=\"postParagraph_post-paragraph__juWZN\">Em nota, o Departamento de Educa\u00e7\u00e3o alegou que a dire\u00e7\u00e3o de Columbia agiu \u201ccom indiferen\u00e7a deliberada em rela\u00e7\u00e3o ao ass\u00e9dio a estudantes judeus, violando assim o T\u00edtulo VI da Lei de Direitos Civis de 1964\u201d.<\/p>\n<p class=\"postParagraph_post-paragraph__juWZN\">\u201cAp\u00f3s o ataque terrorista do Hamas contra Israel em 7 de outubro de 2023, a lideran\u00e7a da Universidade de Columbia agiu com indiferen\u00e7a deliberada em rela\u00e7\u00e3o ao ass\u00e9dio a estudantes judeus em seu campus. Isso n\u00e3o \u00e9 apenas imoral, mas tamb\u00e9m ilegal\u201d, disse a secret\u00e1ria de Educa\u00e7\u00e3o dos EUA, Linda McMahon.<\/p>\n<p class=\"postParagraph_post-paragraph__juWZN\">Em comunicado, a dire\u00e7\u00e3o da universidade disse que est\u00e1 fazendo uma articula\u00e7\u00e3o com o governo Trump para resolver o problema.<\/p>\n<p class=\"postParagraph_post-paragraph__juWZN\">\u201cA Columbia est\u00e1 profundamente comprometida com o combate ao antissemitismo em nosso campus. Levamos essa quest\u00e3o a s\u00e9rio e continuamos trabalhando com o governo federal para resolv\u00ea-la\u201d, afirmou.<\/p>\n<p class=\"postParagraph_post-paragraph__juWZN\">Caso a Columbia perca seu credenciamento, os cr\u00e9ditos acad\u00eamicos de alunos da universidade n\u00e3o poder\u00e3o ser transferidos, amea\u00e7ando a admiss\u00e3o em programas de p\u00f3s-gradua\u00e7\u00e3o, e seus estudantes ficariam impedidos de tomar empr\u00e9stimos e ajuda do governo federal para pagar anuidades e despesas durante sua forma\u00e7\u00e3o.<\/p>\n<p class=\"postParagraph_post-paragraph__juWZN\">Em mar\u00e7o, em resposta a um ultimato do governo Trump para que tomasse medidas contra o antissemitismo (a universidade teve grandes protestos contra Israel no ano passado), a Columbia adotou uma s\u00e9rie de mudan\u00e7as para continuar recebendo recursos federais, como contratar mais de 30 funcion\u00e1rios com poder de pris\u00e3o no campus e interven\u00e7\u00e3o externa no Departamento de Estudos do Oriente M\u00e9dio, Sul da \u00c1sia e \u00c1frica.<\/p>\n<\/div>\n<p><br \/>\n<br \/>Fonte: <a href=\"https:\/\/www.gazetadopovo.com.br\/mundo\/governo-trump-columbia-ameaca-descredenciar-universidade\/\">Revista Oeste<\/a><\/p>\n","protected":false},"excerpt":{"rendered":"<p>O Escrit\u00f3rio de Direitos Civis do Departamento de Educa\u00e7\u00e3o dos Estados Unidos notificou nesta quarta-feira (4) a Universidade de Columbia, em Nova York, a respeito da possibilidade de retirada do credenciamento da institui\u00e7\u00e3o. Em nota, o Departamento de Educa\u00e7\u00e3o alegou que a dire\u00e7\u00e3o de Columbia agiu \u201ccom indiferen\u00e7a deliberada em rela\u00e7\u00e3o ao ass\u00e9dio a estudantes [&hellip;]<\/p>\n","protected":false},"author":5,"featured_media":25185,"comment_status":"open","ping_status":"open","sticky":false,"template":"","format":"standard","meta":{"_seopress_robots_primary_cat":"","_seopress_titles_title":"","_seopress_titles_desc":"","_seopress_robots_index":"","footnotes":""},"categories":[1],"tags":[],"class_list":["post-25184","post","type-post","status-publish","format-standard","has-post-thumbnail","hentry","category-ultimas-noticias"],"_links":{"self":[{"href":"https:\/\/mussicom.com\/noticias\/wp-json\/wp\/v2\/posts\/25184","targetHints":{"allow":["GET"]}}],"collection":[{"href":"https:\/\/mussicom.com\/noticias\/wp-json\/wp\/v2\/posts"}],"about":[{"href":"https:\/\/mussicom.com\/noticias\/wp-json\/wp\/v2\/types\/post"}],"author":[{"embeddable":true,"href":"https:\/\/mussicom.com\/noticias\/wp-json\/wp\/v2\/users\/5"}],"replies":[{"embeddable":true,"href":"https:\/\/mussicom.com\/noticias\/wp-json\/wp\/v2\/comments?post=25184"}],"version-history":[{"count":0,"href":"https:\/\/mussicom.com\/noticias\/wp-json\/wp\/v2\/posts\/25184\/revisions"}],"wp:featuredmedia":[{"embeddable":true,"href":"https:\/\/mussicom.com\/noticias\/wp-json\/wp\/v2\/media\/25185"}],"wp:attachment":[{"href":"https:\/\/mussicom.com\/noticias\/wp-json\/wp\/v2\/media?parent=25184"}],"wp:term":[{"taxonomy":"category","embeddable":true,"href":"https:\/\/mussicom.com\/noticias\/wp-json\/wp\/v2\/categories?post=25184"},{"taxonomy":"post_tag","embeddable":true,"href":"https:\/\/mussicom.com\/noticias\/wp-json\/wp\/v2\/tags?post=25184"}],"curies":[{"name":"wp","href":"https:\/\/api.w.org\/{rel}","templated":true}]}}