{"id":25182,"date":"2025-06-06T03:20:11","date_gmt":"2025-06-06T06:20:11","guid":{"rendered":"https:\/\/mussicom.com\/cubatao-amplia-comunicacao-com-a-populacao-no-alo-cubatao-o-podcast-oficial-da-cidade\/"},"modified":"2025-06-06T03:20:11","modified_gmt":"2025-06-06T06:20:11","slug":"cubatao-amplia-comunicacao-com-a-populacao-no-alo-cubatao-o-podcast-oficial-da-cidade","status":"publish","type":"post","link":"https:\/\/mussicom.com\/noticias\/cubatao-amplia-comunicacao-com-a-populacao-no-alo-cubatao-o-podcast-oficial-da-cidade\/","title":{"rendered":"Cubat\u00e3o amplia comunica\u00e7\u00e3o com a popula\u00e7\u00e3o no &#8220;Al\u00f4 Cubat\u00e3o&#8221;, o podcast oficial da cidade"},"content":{"rendered":"<p> <br \/>\n<\/p>\n<div id=\"texto\">\n<p>Os assuntos que afetam a vida da sociedade cubatense est\u00e3o em pauta no Al\u00f4 Cubat\u00e3o, o podcast oficial da cidade, presente no canal da Prefeitura Municipal no YouTube.<\/p>\n<p>\u00a0<\/p>\n<p>Elaborado pela Secretaria de Comunica\u00e7\u00e3o da cidade, o podcast tem como foco colocar no dom\u00ednio p\u00fablico os temas que est\u00e3o acontecendo na gest\u00e3o p\u00fablica e que afetam a vida da popula\u00e7\u00e3o.\u00a0Claudio Barazal, secretario de comunica\u00e7\u00e3o, \u00e9 o host do projeto, que tem dura\u00e7\u00e3o m\u00e9dia de 30 minutos de bate-papo, sempre com um convidado que tem informa\u00e7\u00f5es importantes a passar para a sociedade.<\/p>\n<p>\u00a0<\/p>\n<p style=\"text-align:center\"><\/p>\n<p>\u00a0<\/p>\n<p>&#8220;O podcast Al\u00f4 Cubat\u00e3o \u00e9 formatado pela Secretaria de Comunica\u00e7\u00e3o e semanalmente estamos conversando com pessoas que fazem a diferen\u00e7a para a vida do povo da cidade&#8221;, destaca Barazal.<\/p>\n<p>\u00a0<\/p>\n<p>Claudio Barazal ressalta que a ideia \u00e9 manter o canal de informa\u00e7\u00f5es \u00fateis da gest\u00e3o de Cubat\u00e3o com cada cidad\u00e3o, tornando a comunica\u00e7\u00e3o uma via de m\u00e3o dupla, onde as pessoas podem ficar atualizadas com o que acontece no munic\u00edpio.<\/p>\n<p>\u00a0<\/p>\n<p>Os internautas de Cubat\u00e3o e demais localidades do Brasil e do mundo podem acompanhar as conversas no link:\u00a0https:\/\/www.youtube.com\/@prefeituradecubataooficial3659\/<\/p>\n<p>\u00a0<\/p>\n<div data-oembed-url=\"https:\/\/www.youtube.com\/watch?v=mNYdAFIQnRw\">\n<p><iframe title=\"AL\u00d4 CUBAT\u00c3O - PODCAST DA CIDADE CONVIDADA DE HOJE - ANDREA CASTRO - EP1\" width=\"800\" height=\"450\" src=\"https:\/\/www.youtube.com\/embed\/mNYdAFIQnRw?feature=oembed\" frameborder=\"0\" allow=\"accelerometer; autoplay; clipboard-write; encrypted-media; gyroscope; picture-in-picture; web-share\" referrerpolicy=\"strict-origin-when-cross-origin\" allowfullscreen><\/iframe><\/p>\n<\/div>\n<p>\u00a0<\/p>\n<p>\u00a0<\/p>\n<div data-oembed-url=\"https:\/\/www.youtube.com\/watch?v=8LtkAWjix7U\">\n<p><iframe title=\"AL\u00d4 CUBAT\u00c3O - PODCAST DA CIDADE CONVIDADO DE HOJE - ALLAN MATHIAS - EP2\" width=\"800\" height=\"450\" src=\"https:\/\/www.youtube.com\/embed\/8LtkAWjix7U?feature=oembed\" frameborder=\"0\" allow=\"accelerometer; autoplay; clipboard-write; encrypted-media; gyroscope; picture-in-picture; web-share\" referrerpolicy=\"strict-origin-when-cross-origin\" allowfullscreen><\/iframe><\/p>\n<\/div>\n<p>\u00a0<\/p>\n<p>\u00a0<\/p>\n<div data-oembed-url=\"https:\/\/www.youtube.com\/watch?v=IX-L8Wpuggc\">\n<p><iframe title=\"AL\u00d4 CUBAT\u00c3O - PODCAST DA CIDADE CONVIDADO DE HOJE - CLEITON JORD\u00c3O - EP3\" width=\"800\" height=\"450\" src=\"https:\/\/www.youtube.com\/embed\/IX-L8Wpuggc?feature=oembed\" frameborder=\"0\" allow=\"accelerometer; autoplay; clipboard-write; encrypted-media; gyroscope; picture-in-picture; web-share\" referrerpolicy=\"strict-origin-when-cross-origin\" allowfullscreen><\/iframe><\/p>\n<\/div>\n<p>\u00a0<\/p>\n<\/p><\/div>\n<p><script async defer crossorigin=\"anonymous\" src=\"https:\/\/connect.facebook.net\/pt_BR\/sdk.js#xfbml=1&#038;version=v12.0&#038;appId=&#038;autoLogAppEvents=1\" nonce=\"ou0fI1lo\"><\/script><br \/>\n<br \/><br \/>\n<br \/>Fonte: <a href=\"https:\/\/www.bs9.com.br\/litoral\/cubatao-amplia-comunicacao-com-a-populacao-no-alo-cubatao-o-podcast\/32260\/\">BS9<\/a><\/p>\n","protected":false},"excerpt":{"rendered":"<p>Os assuntos que afetam a vida da sociedade cubatense est\u00e3o em pauta no Al\u00f4 Cubat\u00e3o, o podcast oficial da cidade, presente no canal da Prefeitura Municipal no YouTube. \u00a0 Elaborado pela Secretaria de Comunica\u00e7\u00e3o da cidade, o podcast tem como foco colocar no dom\u00ednio p\u00fablico os temas que est\u00e3o acontecendo na gest\u00e3o p\u00fablica e que [&hellip;]<\/p>\n","protected":false},"author":5,"featured_media":25183,"comment_status":"open","ping_status":"open","sticky":false,"template":"","format":"standard","meta":{"_seopress_robots_primary_cat":"","_seopress_titles_title":"","_seopress_titles_desc":"","_seopress_robots_index":"","footnotes":""},"categories":[52],"tags":[],"class_list":["post-25182","post","type-post","status-publish","format-standard","has-post-thumbnail","hentry","category-santoseregiao"],"_links":{"self":[{"href":"https:\/\/mussicom.com\/noticias\/wp-json\/wp\/v2\/posts\/25182","targetHints":{"allow":["GET"]}}],"collection":[{"href":"https:\/\/mussicom.com\/noticias\/wp-json\/wp\/v2\/posts"}],"about":[{"href":"https:\/\/mussicom.com\/noticias\/wp-json\/wp\/v2\/types\/post"}],"author":[{"embeddable":true,"href":"https:\/\/mussicom.com\/noticias\/wp-json\/wp\/v2\/users\/5"}],"replies":[{"embeddable":true,"href":"https:\/\/mussicom.com\/noticias\/wp-json\/wp\/v2\/comments?post=25182"}],"version-history":[{"count":0,"href":"https:\/\/mussicom.com\/noticias\/wp-json\/wp\/v2\/posts\/25182\/revisions"}],"wp:featuredmedia":[{"embeddable":true,"href":"https:\/\/mussicom.com\/noticias\/wp-json\/wp\/v2\/media\/25183"}],"wp:attachment":[{"href":"https:\/\/mussicom.com\/noticias\/wp-json\/wp\/v2\/media?parent=25182"}],"wp:term":[{"taxonomy":"category","embeddable":true,"href":"https:\/\/mussicom.com\/noticias\/wp-json\/wp\/v2\/categories?post=25182"},{"taxonomy":"post_tag","embeddable":true,"href":"https:\/\/mussicom.com\/noticias\/wp-json\/wp\/v2\/tags?post=25182"}],"curies":[{"name":"wp","href":"https:\/\/api.w.org\/{rel}","templated":true}]}}