{"id":25124,"date":"2025-06-05T19:42:04","date_gmt":"2025-06-05T22:42:04","guid":{"rendered":"https:\/\/mussicom.com\/casos-de-sindrome-respiratoria-em-idosos-e-criancas-continuam-em-alta\/"},"modified":"2025-06-05T19:42:04","modified_gmt":"2025-06-05T22:42:04","slug":"casos-de-sindrome-respiratoria-em-idosos-e-criancas-continuam-em-alta","status":"publish","type":"post","link":"https:\/\/mussicom.com\/noticias\/casos-de-sindrome-respiratoria-em-idosos-e-criancas-continuam-em-alta\/","title":{"rendered":"Casos de s\u00edndrome respirat\u00f3ria em idosos e crian\u00e7as continuam em alta"},"content":{"rendered":"<p> <br \/>\n<\/p>\n<div>\n<p>O Boletim InfoGripe,\u00a0divulgado pela\u00a0Funda\u00e7\u00e3o Oswaldo Cruz (Fiocruz)\u00a0nesta quinta-feira (5), alerta que <strong>os casos de s\u00edndrome respirat\u00f3ria aguda grave (SRAG) por\u00a0<em>Influenza<\/em> A e pelo v\u00edrus sincicial respirat\u00f3rio (VSR) continuam em alta no pa\u00eds. <\/strong>A mortalidade por SRAG nas \u00faltimas oito semanas foi semelhante entre crian\u00e7as e idosos. Na popula\u00e7\u00e3o idosa, destacam-se os \u00f3bitos associados \u00e0\u00a0Influenza A. Nas crian\u00e7as, predominam a incid\u00eancia e a mortalidade pelos rinov\u00edrus e <em>Influenza A<\/em>. A an\u00e1lise \u00e9 referente \u00e0 semana epidemiol\u00f3gica\u00a0entre os dias 25 e 31 de maio.<img decoding=\"async\" src=\"https:\/\/agenciabrasil.ebc.com.br\/ebc.gif?id=1645699&amp;o=node\" style=\"width:1px; height:1px; display:inline;\"\/><\/p>\n<p>Pesquisadora do InfoGripe, Tatiana Portella avalia que, apesar da eleva\u00e7\u00e3o de ocorr\u00eancias de SRAG em crian\u00e7as na maior parte do pa\u00eds, j\u00e1 \u00e9 poss\u00edvel verificar sinais ou manuten\u00e7\u00e3o de interrup\u00e7\u00e3o desse aumento em alguns estados das regi\u00f5es Centro-Sul e Norte, al\u00e9m do Cear\u00e1, mas os \u00edndices da doen\u00e7a ainda seguem elevados nessas regi\u00f5es. \u201cRefor\u00e7o a import\u00e2ncia da vacina\u00e7\u00e3o contra o v\u00edrus da influenza A, especialmente nas popula\u00e7\u00f5es mais vulner\u00e1veis, como idosos, crian\u00e7as, pessoas com comorbidades e gestantes.\u201d<\/p>\n<p>Ela ainda aponta que os casos de SRAG em crian\u00e7as de at\u00e9 4 anos t\u00eam sido impulsionados principalmente pelo VSR. \u201cO rinov\u00edrus e a influenza A tamb\u00e9m t\u00eam contribu\u00eddo para o aumento dos casos de SRAG nessa faixa et\u00e1ria e em adolescentes at\u00e9 14 anos.\u201d\u00a0A especialista destaca ainda que \u201cos dados laboratoriais por faixa et\u00e1ria indicam que a influenza A \u00e9 respons\u00e1vel pelo aumento das hospitaliza\u00e7\u00f5es por SRAG entre idosos a partir dos 65 anos, adultos e jovens a partir dos 15 anos\u201d.<\/p>\n<h2>Estados e capitais<\/h2>\n<p><strong>O boletim aponta que 25 das 27 unidades da federa\u00e7\u00e3o apresentam incid\u00eancia de SRAG em n\u00edvel de alerta, risco ou alto risco, com sinal de crescimento na tend\u00eancia de longo prazo<\/strong>: Acre, Alagoas, Amap\u00e1, Amazonas, Bahia, Cear\u00e1, Distrito Federal, Esp\u00edrito Santo, Goi\u00e1s, Maranh\u00e3o, Mato Grosso, Minas Gerais, Paran\u00e1, Para\u00edba, Par\u00e1, Pernambuco, Rio Grande do Norte, Rio Grande do Sul, Rio de Janeiro, Rond\u00f4nia, Roraima, Santa Catarina, Sergipe, S\u00e3o Paulo e Tocantins.<\/p>\n<p><strong>O Infogripe informa ainda que 15 das 27 capitais apresentam n\u00edvel de atividade de SRAG em alerta, risco ou alto risco com sinal de crescimento de longo prazo:<\/strong> Aracaju, Belo Horizonte, Boa Vista, Cuiab\u00e1, Curitiba, Florian\u00f3polis, Goi\u00e2nia, Jo\u00e3o Pessoa, Macei\u00f3, Porto Alegre, Rio Branco, Rio de Janeiro, Salvador,\u00a0S\u00e3o Lu\u00eds e S\u00e3o Paulo.<\/p>\n<p>      <!-- Relacionada --><\/p>\n<p>            <!-- Relacionada -->\n    <\/div>\n<p><br \/>\n<br \/>Fonte: <a href=\"https:\/\/agenciabrasil.ebc.com.br\/saude\/noticia\/2025-06\/casos-de-sindrome-respiratoria-em-idosos-e-criancas-continuam-em-alta\">Ag\u00eancia Brasil<\/a><\/p>\n","protected":false},"excerpt":{"rendered":"<p>O Boletim InfoGripe,\u00a0divulgado pela\u00a0Funda\u00e7\u00e3o Oswaldo Cruz (Fiocruz)\u00a0nesta quinta-feira (5), alerta que os casos de s\u00edndrome respirat\u00f3ria aguda grave (SRAG) por\u00a0Influenza A e pelo v\u00edrus sincicial respirat\u00f3rio (VSR) continuam em alta no pa\u00eds. A mortalidade por SRAG nas \u00faltimas oito semanas foi semelhante entre crian\u00e7as e idosos. Na popula\u00e7\u00e3o idosa, destacam-se os \u00f3bitos associados \u00e0\u00a0Influenza A. [&hellip;]<\/p>\n","protected":false},"author":5,"featured_media":25125,"comment_status":"open","ping_status":"open","sticky":false,"template":"","format":"standard","meta":{"_seopress_robots_primary_cat":"","_seopress_titles_title":"","_seopress_titles_desc":"","_seopress_robots_index":"","footnotes":""},"categories":[46],"tags":[],"class_list":["post-25124","post","type-post","status-publish","format-standard","has-post-thumbnail","hentry","category-saude"],"_links":{"self":[{"href":"https:\/\/mussicom.com\/noticias\/wp-json\/wp\/v2\/posts\/25124","targetHints":{"allow":["GET"]}}],"collection":[{"href":"https:\/\/mussicom.com\/noticias\/wp-json\/wp\/v2\/posts"}],"about":[{"href":"https:\/\/mussicom.com\/noticias\/wp-json\/wp\/v2\/types\/post"}],"author":[{"embeddable":true,"href":"https:\/\/mussicom.com\/noticias\/wp-json\/wp\/v2\/users\/5"}],"replies":[{"embeddable":true,"href":"https:\/\/mussicom.com\/noticias\/wp-json\/wp\/v2\/comments?post=25124"}],"version-history":[{"count":0,"href":"https:\/\/mussicom.com\/noticias\/wp-json\/wp\/v2\/posts\/25124\/revisions"}],"wp:featuredmedia":[{"embeddable":true,"href":"https:\/\/mussicom.com\/noticias\/wp-json\/wp\/v2\/media\/25125"}],"wp:attachment":[{"href":"https:\/\/mussicom.com\/noticias\/wp-json\/wp\/v2\/media?parent=25124"}],"wp:term":[{"taxonomy":"category","embeddable":true,"href":"https:\/\/mussicom.com\/noticias\/wp-json\/wp\/v2\/categories?post=25124"},{"taxonomy":"post_tag","embeddable":true,"href":"https:\/\/mussicom.com\/noticias\/wp-json\/wp\/v2\/tags?post=25124"}],"curies":[{"name":"wp","href":"https:\/\/api.w.org\/{rel}","templated":true}]}}