{"id":25060,"date":"2025-06-05T12:01:46","date_gmt":"2025-06-05T15:01:46","guid":{"rendered":"https:\/\/mussicom.com\/superman-tera-cenas-pos-creditos-james-gunn-responde\/"},"modified":"2025-06-05T12:01:46","modified_gmt":"2025-06-05T15:01:46","slug":"superman-tera-cenas-pos-creditos-james-gunn-responde","status":"publish","type":"post","link":"https:\/\/mussicom.com\/noticias\/superman-tera-cenas-pos-creditos-james-gunn-responde\/","title":{"rendered":"Superman ter\u00e1 cenas p\u00f3s-cr\u00e9ditos? James Gunn responde"},"content":{"rendered":"<p> <br \/>\n<\/p>\n<div>\n<p>O diretor <strong>James Gunn<\/strong> falou sobre a possibilidade de <em><strong>Superman<\/strong><\/em>, longa que marca a estreia do novo Universo Cinematogr\u00e1fico da DC, mostrando <strong>David Corenswet <\/strong>(<em>Pearl<\/em>, <em>Hollywood<\/em>) como o super-her\u00f3i ter cenas p\u00f3s-cr\u00e9ditos. Confira a seguir:<\/p>\n<h4><strong>Qual \u00e9 a hist\u00f3ria de <em>Superman<\/em>?<\/strong><\/h4>\n<p><strong><em>Superman<\/em><\/strong> ir\u00e1 acompanhar <strong>Superman<\/strong>\/<strong>Clark Kent<\/strong> na busca de reconciliar a sua heran\u00e7a kryptoniana com a sua cria\u00e7\u00e3o humana. Nas primeiras pr\u00e9vias divulgadas, vimos que o her\u00f3i, apesar de usar os seus poderes para proteger a Terra e os seus habitantes, \u00e9 considerado um p\u00e1ria por muitos por n\u00e3o ter nascido em nosso planeta, o que tem resultado em cr\u00edticas \u00e0s suas a\u00e7\u00f5es.\u00a0<\/p>\n<h4><strong>Quem est\u00e1 no elenco?<\/strong><\/h4>\n<p>Al\u00e9m de <strong>David Corenswet <\/strong>no papel principal,\u00a0<strong><em>Superman<\/em><\/strong> ainda conta com <strong>Rachel Brosnahan<\/strong> (<em>A Maravilhosa Sra. Maisel<\/em>)\u00a0como a rep\u00f3rter <strong>Lois Lane<\/strong>, interesse amoroso do protagonista, e <strong>Nicholas Hoult\u00a0<\/strong>(<em>The Great<\/em>)\u00a0como\u00a0<strong>Lex Luthor<\/strong>, grande inimigo do her\u00f3i.<\/p>\n<p><strong>Skyler Gisondo<\/strong> (<em>Fora de S\u00e9rie<\/em>) como\u00a0<strong>Jimmy Olsen<\/strong>,\u00a0<strong>Nathan Fillion<\/strong> (<em>O Esquadr\u00e3o Suicida<\/em>) como <strong>Lanterna Verde<\/strong>, <strong>Isabela Merced <\/strong>(<em>Madame Teia<\/em>) como <strong>Mulher Gavi\u00e3o<\/strong>, <strong>Edi Gathegi<\/strong> (<em>Crep\u00fasculo<\/em>) como <strong>Senhor Incr\u00edvel<\/strong>, <strong>Anthony Carrigan<\/strong> (<em>Barry<\/em>) como <strong>Metamorfo<\/strong>, <strong>Mar\u00eda Gabriela de Far\u00eda<\/strong> (<em>Isa TKM<\/em>) como <strong>Engenheira<\/strong>, <strong>Sara Sampaio\u00a0<\/strong>como <strong>Eve Teschmacher<\/strong>, <strong>Frank Grillo <\/strong>(Capit\u00e3o Am\u00e9rica: O Soldado Invernal) como <strong>Rick Flagg Sr.<\/strong> e\u00a0<strong>Alan Tudyk\u00a0<\/strong>(<em>Rogue One: Uma Hist\u00f3ria Star Wars<\/em>), em papel n\u00e3o-revelado, completam o elenco.<\/p>\n<h4><strong>Afinal, <em>Superman<\/em> ter\u00e1 cenas p\u00f3s-cr\u00e9ditos?<\/strong><\/h4>\n<p><strong>James Gunn<\/strong> confirmou que o longa ter\u00e1 cenas p\u00f3s-cr\u00e9ditos, sem citar quantas, ao revelar a dura\u00e7\u00e3o do filme: &#8220;S<em>im. Incluindo os cr\u00e9ditos e os p\u00f3s-cr\u00e9ditos, a dura\u00e7\u00e3o \u00e9 de 2 horas e 9 minutos.<\/em>&#8221; Confira:<\/p>\n<blockquote class=\"twitter-tweet\">\n<p dir=\"ltr\" lang=\"en\">James Gunn confirms the runtime! https:\/\/t.co\/SfVMG86k3M<a href=\"https:\/\/t.co\/Urm2JL7log\">pic.twitter.com\/Urm2JL7log<\/a><\/p>\n<p>&#13;<br \/>\n\u2014 Home of DCU (@homeofdcu) <a href=\"https:\/\/twitter.com\/homeofdcu\/status\/1930438012636123472?ref_src=twsrc%5Etfw\">June 5, 2025<\/a><\/p><\/blockquote>\n<h4><strong>Quando estreia <em>Superman<\/em>?<\/strong><\/h4>\n<p>Escrito e dirigido por\u00a0<strong>James Gunn<\/strong>, <strong><em>Superman <\/em><\/strong>estreia nos cinemas brasileiros <strong>em 10 de julho de 2025<\/strong>. Assista ao trailer da novidade a seguir:<\/p>\n<p><iframe title=\"Superman l Trailer Oficial\" width=\"800\" height=\"450\" src=\"https:\/\/www.youtube.com\/embed\/JeQnlT0DaG8?feature=oembed\" frameborder=\"0\" allow=\"accelerometer; autoplay; clipboard-write; encrypted-media; gyroscope; picture-in-picture; web-share\" referrerpolicy=\"strict-origin-when-cross-origin\" allowfullscreen><\/iframe><\/p>\n<p><strong>LEIA TAMB\u00c9M:<\/strong>James Gunn e elenco de <em>Superman<\/em> v\u00eam ao Brasil para divulgar o filme<\/p>\n<blockquote class=\"amdb-polls\" contenteditable=\"false\" data-sid=\"\/polls\/14\/embed\/\">\n<p>Qual foi o melhor filme de 2025 at\u00e9 agora? Vote no seu favorito!<\/p>\n<ul>\n<li>Baby<\/li>\n<li>Anora<\/li>\n<li>Conclave<\/li>\n<li>Acompanhante Perfeita<\/li>\n<li>Capit\u00e3o Am\u00e9rica: Admir\u00e1vel Mundo Novo<\/li>\n<li>Flow<\/li>\n<li>O Brutalista<\/li>\n<li>Um Completo Desconhecido<\/li>\n<li>Mickey 17<\/li>\n<li>Vit\u00f3ria<\/li>\n<li>Branca de Neve<\/li>\n<li>Um Filme Minecraft<\/li>\n<li>Pecadores<\/li>\n<li>Thunderbolts*<\/li>\n<li>Homem com H<\/li>\n<li>Karat\u00ea Kid: Lendas<\/li>\n<li>Premoni\u00e7\u00e3o 6: La\u00e7os de Sangue<\/li>\n<li>Hurry Up Tomorrow: Al\u00e9m dos Holofotes<\/li>\n<li>Lilo &amp; Stitch<\/li>\n<li>Miss\u00e3o: Imposs\u00edvel &#8211; O Acerto Final<\/li>\n<\/ul>\n<\/blockquote>\n<hr\/>\n<\/div>\n<p><script async src=\"\/\/platform.twitter.com\/widgets.js\" charset=\"utf-8\"><\/script><br \/>\n<br \/><br \/>\n<br \/>Fonte: <a href=\"https:\/\/rollingstone.com.br\/cinema\/superman-tera-cenas-pos-creditos-james-gunn-responde\/\">rollingstone.com.br<\/a><\/p>\n","protected":false},"excerpt":{"rendered":"<p>O diretor James Gunn falou sobre a possibilidade de Superman, longa que marca a estreia do novo Universo Cinematogr\u00e1fico da DC, mostrando David Corenswet (Pearl, Hollywood) como o super-her\u00f3i ter cenas p\u00f3s-cr\u00e9ditos. Confira a seguir: Qual \u00e9 a hist\u00f3ria de Superman? Superman ir\u00e1 acompanhar Superman\/Clark Kent na busca de reconciliar a sua heran\u00e7a kryptoniana com [&hellip;]<\/p>\n","protected":false},"author":5,"featured_media":25061,"comment_status":"open","ping_status":"open","sticky":false,"template":"","format":"standard","meta":{"_seopress_robots_primary_cat":"","_seopress_titles_title":"","_seopress_titles_desc":"","_seopress_robots_index":"","footnotes":""},"categories":[51],"tags":[],"class_list":["post-25060","post","type-post","status-publish","format-standard","has-post-thumbnail","hentry","category-musica"],"_links":{"self":[{"href":"https:\/\/mussicom.com\/noticias\/wp-json\/wp\/v2\/posts\/25060","targetHints":{"allow":["GET"]}}],"collection":[{"href":"https:\/\/mussicom.com\/noticias\/wp-json\/wp\/v2\/posts"}],"about":[{"href":"https:\/\/mussicom.com\/noticias\/wp-json\/wp\/v2\/types\/post"}],"author":[{"embeddable":true,"href":"https:\/\/mussicom.com\/noticias\/wp-json\/wp\/v2\/users\/5"}],"replies":[{"embeddable":true,"href":"https:\/\/mussicom.com\/noticias\/wp-json\/wp\/v2\/comments?post=25060"}],"version-history":[{"count":0,"href":"https:\/\/mussicom.com\/noticias\/wp-json\/wp\/v2\/posts\/25060\/revisions"}],"wp:featuredmedia":[{"embeddable":true,"href":"https:\/\/mussicom.com\/noticias\/wp-json\/wp\/v2\/media\/25061"}],"wp:attachment":[{"href":"https:\/\/mussicom.com\/noticias\/wp-json\/wp\/v2\/media?parent=25060"}],"wp:term":[{"taxonomy":"category","embeddable":true,"href":"https:\/\/mussicom.com\/noticias\/wp-json\/wp\/v2\/categories?post=25060"},{"taxonomy":"post_tag","embeddable":true,"href":"https:\/\/mussicom.com\/noticias\/wp-json\/wp\/v2\/tags?post=25060"}],"curies":[{"name":"wp","href":"https:\/\/api.w.org\/{rel}","templated":true}]}}