{"id":25019,"date":"2025-06-05T05:19:26","date_gmt":"2025-06-05T08:19:26","guid":{"rendered":"https:\/\/mussicom.com\/gonet-alerta-para-riscos-a-seguranca-juridica\/"},"modified":"2025-06-05T05:19:26","modified_gmt":"2025-06-05T08:19:26","slug":"gonet-alerta-para-riscos-a-seguranca-juridica","status":"publish","type":"post","link":"https:\/\/mussicom.com\/noticias\/gonet-alerta-para-riscos-a-seguranca-juridica\/","title":{"rendered":"Gonet alerta para riscos \u00e0 seguran\u00e7a jur\u00eddica"},"content":{"rendered":"<p> <br \/>\n<\/p>\n<div>\n<p class=\"postParagraph_post-paragraph__juWZN\">O procurador-geral da Rep\u00fablica, Paulo Gonet, afirmou nesta quarta-feira (4) que a inseguran\u00e7a jur\u00eddica representa um dos maiores obst\u00e1culos para o ambiente de neg\u00f3cios no Brasil. A declara\u00e7\u00e3o foi feita durante participa\u00e7\u00e3o no F\u00f3rum de Seguros Fran\u00e7a-Brasil, promovido pela Confedera\u00e7\u00e3o Nacional das Seguradoras (CNSeg), em Bras\u00edlia.<\/p>\n<p class=\"postParagraph_post-paragraph__juWZN\">\u201cSeguran\u00e7a jur\u00eddica n\u00e3o \u00e9 certeza absoluta. Mas \u00e9 previsibilidade, confian\u00e7a de que um contrato firmado hoje n\u00e3o ser\u00e1 alterado por uma lei inesperada no futuro\u201d, afirmou Gonet ao destacar a import\u00e2ncia da estabilidade normativa, especialmente em setores que exigem contratos de longo prazo.<\/p>\n<div class=\"postViewMore_post-view-more-container___5wai\" data-mrf-recirculation=\"Post - Veja tamb\u00e9m\">\n<p class=\"gp-styles-module-size-small-afeYRa gp-styles-module-font-family2-afeYRa gp-styles-module-color-secondary-afeYRa gp-styles-module-weight-bold-afeYRa\">VEJA TAMB\u00c9M:<\/p>\n<ul class=\"postViewMore_post-view-more-list__CU_CE\">\n<li class=\"postViewMore_post-view-more-item__2MzRb\">\n<div class=\"postViewMore_post-view-more-image__5gUSe\"><picture class=\"imageDefault_image-container__XGd8_\"><\/picture><\/div>\n<p>PGR pede pris\u00e3o preventiva de Carla Zambelli por fuga ap\u00f3s condena\u00e7\u00e3o no STF<\/li>\n<\/ul>\n<\/div>\n<p class=\"postParagraph_post-paragraph__juWZN\">Segundo o chefe do Minist\u00e9rio P\u00fablico Federal, o Estado precisa evitar a imposi\u00e7\u00e3o de \u201c\u00f4nus n\u00e3o previstos\u201d aos agentes econ\u00f4micos e respeitar as reservas t\u00e9cnicas no setor de seguros. Ele defendeu que mudan\u00e7as legais repentinas podem causar impactos negativos e desorganizar a economia.<\/p>\n<p class=\"postParagraph_post-paragraph__juWZN\">Ao comentar o papel do Minist\u00e9rio P\u00fablico, Gonet afirmou que a atua\u00e7\u00e3o da institui\u00e7\u00e3o deve ser pautada pela responsabilidade. \u201cSe o procurador-geral resolvesse hoje apresentar uma a\u00e7\u00e3o direta contra a lei do Plano Real, isso abalaria a confian\u00e7a na ordem legal, mesmo que fosse improv\u00e1vel a a\u00e7\u00e3o ter \u00eaxito\u201d, exemplificou.<\/p>\n<p class=\"postParagraph_post-paragraph-innerHtml__Q5vwc\">Para o procurador-geral, previsibilidade e confian\u00e7a s\u00e3o elementos centrais para atrair investimentos, principalmente em \u00e1reas estrat\u00e9gicas como infraestrutura. \u201cOnde h\u00e1 institui\u00e7\u00f5es firmes e previs\u00edveis, h\u00e1 mais desenvolvimento. N\u00e3o podemos permitir que tudo o que \u00e9 s\u00f3lido desmanche no ar\u201d, disse, em refer\u00eancia a uma cita\u00e7\u00e3o adaptada do <em>Manifesto Comunista<\/em>, de Karl Marx e Friedrich Engels.<\/p>\n<p class=\"postParagraph_post-paragraph__juWZN\">Gonet tamb\u00e9m fez cr\u00edticas \u00e0 edi\u00e7\u00e3o de normas retroativas e destacou a necessidade de que as leis sejam razo\u00e1veis e proporcionais. \u201c\u00c9 preciso que o Estado n\u00e3o gere surpresas desnecess\u00e1rias. Leis precisam durar\u201d, pontuou.<\/p>\n<p class=\"postParagraph_post-paragraph__juWZN\">Encerrando sua fala, o procurador-geral demonstrou otimismo com a evolu\u00e7\u00e3o institucional do pa\u00eds. \u201cA cultura da seguran\u00e7a jur\u00eddica est\u00e1 se enraizando. \u00c9 reflexo da solidez das nossas institui\u00e7\u00f5es.\u201d<\/p>\n<\/div>\n<p><br \/>\n<br \/>Fonte: <a href=\"https:\/\/www.gazetadopovo.com.br\/republica\/gonet-alerta-para-riscos-a-seguranca-juridica-e-diz-que-leis-precisam-durar\/\">Revista Oeste<\/a><\/p>\n","protected":false},"excerpt":{"rendered":"<p>O procurador-geral da Rep\u00fablica, Paulo Gonet, afirmou nesta quarta-feira (4) que a inseguran\u00e7a jur\u00eddica representa um dos maiores obst\u00e1culos para o ambiente de neg\u00f3cios no Brasil. A declara\u00e7\u00e3o foi feita durante participa\u00e7\u00e3o no F\u00f3rum de Seguros Fran\u00e7a-Brasil, promovido pela Confedera\u00e7\u00e3o Nacional das Seguradoras (CNSeg), em Bras\u00edlia. \u201cSeguran\u00e7a jur\u00eddica n\u00e3o \u00e9 certeza absoluta. Mas \u00e9 previsibilidade, [&hellip;]<\/p>\n","protected":false},"author":5,"featured_media":25020,"comment_status":"open","ping_status":"open","sticky":false,"template":"","format":"standard","meta":{"_seopress_robots_primary_cat":"","_seopress_titles_title":"","_seopress_titles_desc":"","_seopress_robots_index":"","footnotes":""},"categories":[1],"tags":[],"class_list":["post-25019","post","type-post","status-publish","format-standard","has-post-thumbnail","hentry","category-ultimas-noticias"],"_links":{"self":[{"href":"https:\/\/mussicom.com\/noticias\/wp-json\/wp\/v2\/posts\/25019","targetHints":{"allow":["GET"]}}],"collection":[{"href":"https:\/\/mussicom.com\/noticias\/wp-json\/wp\/v2\/posts"}],"about":[{"href":"https:\/\/mussicom.com\/noticias\/wp-json\/wp\/v2\/types\/post"}],"author":[{"embeddable":true,"href":"https:\/\/mussicom.com\/noticias\/wp-json\/wp\/v2\/users\/5"}],"replies":[{"embeddable":true,"href":"https:\/\/mussicom.com\/noticias\/wp-json\/wp\/v2\/comments?post=25019"}],"version-history":[{"count":0,"href":"https:\/\/mussicom.com\/noticias\/wp-json\/wp\/v2\/posts\/25019\/revisions"}],"wp:featuredmedia":[{"embeddable":true,"href":"https:\/\/mussicom.com\/noticias\/wp-json\/wp\/v2\/media\/25020"}],"wp:attachment":[{"href":"https:\/\/mussicom.com\/noticias\/wp-json\/wp\/v2\/media?parent=25019"}],"wp:term":[{"taxonomy":"category","embeddable":true,"href":"https:\/\/mussicom.com\/noticias\/wp-json\/wp\/v2\/categories?post=25019"},{"taxonomy":"post_tag","embeddable":true,"href":"https:\/\/mussicom.com\/noticias\/wp-json\/wp\/v2\/tags?post=25019"}],"curies":[{"name":"wp","href":"https:\/\/api.w.org\/{rel}","templated":true}]}}