{"id":24984,"date":"2025-06-05T00:42:03","date_gmt":"2025-06-05T03:42:03","guid":{"rendered":"https:\/\/mussicom.com\/alexandro-basso-fatura-medalha-inedita-para-o-brasil-no-tiro-esportivo\/"},"modified":"2025-06-05T00:42:03","modified_gmt":"2025-06-05T03:42:03","slug":"alexandro-basso-fatura-medalha-inedita-para-o-brasil-no-tiro-esportivo","status":"publish","type":"post","link":"https:\/\/mussicom.com\/noticias\/alexandro-basso-fatura-medalha-inedita-para-o-brasil-no-tiro-esportivo\/","title":{"rendered":"Alexandro Basso fatura medalha in\u00e9dita para o Brasil no tiro esportivo"},"content":{"rendered":"<p> <br \/>\n<\/p>\n<div>\n<p>O ga\u00facho Alexandre Basso escreveu seu nome na hist\u00f3ria do tiro paral\u00edmpico brasileiro ao conquistar o bronze no <em>paratrap<\/em> (tiro ao prato) da etapa a Copa do Mundo, em Changwon (Coreia do Sul). Esta \u00e9\u00a0a primeira vez que um atleta do pa\u00eds sobe ao p\u00f3dio na competi\u00e7\u00e3o internacional, a primeira ap\u00f3s os Jogos de Paris no ano passado. A etapa sul-coreana termina na sexta-feira (6).<img decoding=\"async\" src=\"https:\/\/agenciabrasil.ebc.com.br\/ebc.gif?id=1645465&amp;o=node\" style=\"width:1px; height:1px; display:inline;\"\/><\/p>\n<p>O brasileiro totalizou 23 pontos na final, que contou com outros quatro atletas. O ouro ficou com Gabriele Nanni (It\u00e1lia), que somou 39 pontos e a prata com Ahmad Buhaleeba (Emirados \u00c1rabes Unidos), com 36 pontos. Os demais participantes foram os atletas neutros Evgeny Hamezo e Aleksei Pasternak.<\/p>\n<p>O atirador ga\u00facho despontou no ano passado quando faturou o t\u00edtulo do Campeonato Brasileiro de tiro esportivo e foi ouro no Grand Prix de Hillsdale, em Michigan (Estados Unidos).<\/p>\n<blockquote class=\"instagram-media\" data-instgrm-captioned=\"\" data-instgrm-permalink=\"https:\/\/www.instagram.com\/p\/C8x3Sk_vcal\/?utm_source=ig_embed&amp;utm_campaign=loading\" data-instgrm-version=\"14\" style=\" background:#FFF; border:0; border-radius:3px; box-shadow:0 0 1px 0 rgba(0,0,0,0.5),0 1px 10px 0 rgba(0,0,0,0.15); margin: 1px; max-width:540px; min-width:326px; padding:0; width:99.375%; width:-webkit-calc(100% - 2px); width:calc(100% - 2px);\">\n<\/blockquote>\n<p>Outros dois atiradores brasileiros ainda competir\u00e3o em Changwon na prova de carabina de ar: o paulista\u00a0Alexandre Galgani, prata em Paris 2024 na categoria R5 deitado 10m SH2 misto e o paranaense\u00a0Marcelo Marton, ouro no Parapan de Santiago 2023 na R1\/R2 rifle em p\u00e9 10m SH1.<\/p>\n<p>      <!-- Relacionada --><\/p>\n<p>            <!-- Relacionada -->\n    <\/div>\n<p><script async src=\"\/\/www.instagram.com\/embed.js\"><\/script><br \/>\n<br \/><br \/>\n<br \/>Fonte: <a href=\"https:\/\/agenciabrasil.ebc.com.br\/esportes\/noticia\/2025-06\/alexandro-basso-fatura-medalha-inedita-para-o-brasil-no-tiro-esportivo\">Ag\u00eancia Brasil<\/a><\/p>\n","protected":false},"excerpt":{"rendered":"<p>O ga\u00facho Alexandre Basso escreveu seu nome na hist\u00f3ria do tiro paral\u00edmpico brasileiro ao conquistar o bronze no paratrap (tiro ao prato) da etapa a Copa do Mundo, em Changwon (Coreia do Sul). Esta \u00e9\u00a0a primeira vez que um atleta do pa\u00eds sobe ao p\u00f3dio na competi\u00e7\u00e3o internacional, a primeira ap\u00f3s os Jogos de Paris [&hellip;]<\/p>\n","protected":false},"author":5,"featured_media":24985,"comment_status":"open","ping_status":"open","sticky":false,"template":"","format":"standard","meta":{"_seopress_robots_primary_cat":"","_seopress_titles_title":"","_seopress_titles_desc":"","_seopress_robots_index":"","footnotes":""},"categories":[40],"tags":[],"class_list":["post-24984","post","type-post","status-publish","format-standard","has-post-thumbnail","hentry","category-esportes"],"_links":{"self":[{"href":"https:\/\/mussicom.com\/noticias\/wp-json\/wp\/v2\/posts\/24984","targetHints":{"allow":["GET"]}}],"collection":[{"href":"https:\/\/mussicom.com\/noticias\/wp-json\/wp\/v2\/posts"}],"about":[{"href":"https:\/\/mussicom.com\/noticias\/wp-json\/wp\/v2\/types\/post"}],"author":[{"embeddable":true,"href":"https:\/\/mussicom.com\/noticias\/wp-json\/wp\/v2\/users\/5"}],"replies":[{"embeddable":true,"href":"https:\/\/mussicom.com\/noticias\/wp-json\/wp\/v2\/comments?post=24984"}],"version-history":[{"count":0,"href":"https:\/\/mussicom.com\/noticias\/wp-json\/wp\/v2\/posts\/24984\/revisions"}],"wp:featuredmedia":[{"embeddable":true,"href":"https:\/\/mussicom.com\/noticias\/wp-json\/wp\/v2\/media\/24985"}],"wp:attachment":[{"href":"https:\/\/mussicom.com\/noticias\/wp-json\/wp\/v2\/media?parent=24984"}],"wp:term":[{"taxonomy":"category","embeddable":true,"href":"https:\/\/mussicom.com\/noticias\/wp-json\/wp\/v2\/categories?post=24984"},{"taxonomy":"post_tag","embeddable":true,"href":"https:\/\/mussicom.com\/noticias\/wp-json\/wp\/v2\/tags?post=24984"}],"curies":[{"name":"wp","href":"https:\/\/api.w.org\/{rel}","templated":true}]}}