{"id":24982,"date":"2025-06-05T00:14:13","date_gmt":"2025-06-05T03:14:13","guid":{"rendered":"https:\/\/mussicom.com\/pf-pede-inclusao-de-zambelli-na-lista-de-procurados-pela-interpol\/"},"modified":"2025-06-05T00:14:13","modified_gmt":"2025-06-05T03:14:13","slug":"pf-pede-inclusao-de-zambelli-na-lista-de-procurados-pela-interpol","status":"publish","type":"post","link":"https:\/\/mussicom.com\/noticias\/pf-pede-inclusao-de-zambelli-na-lista-de-procurados-pela-interpol\/","title":{"rendered":"PF pede inclus\u00e3o de Zambelli na lista de procurados pela Interpol"},"content":{"rendered":"<p> <br \/>\n<\/p>\n<div>\n<p class=\"postParagraph_post-paragraph__juWZN\">A Pol\u00edcia Federal pediu nesta quarta-feira (4) a inclus\u00e3o do nome da deputada Carla Zambelli (PL-SP) na lista de difus\u00e3o vermelha da Organiza\u00e7\u00e3o Internacional de Pol\u00edcia Criminal (Interpol). A lista serve para alertar as pol\u00edcias dos 196 pa\u00edses membros sobre fugitivos procurados internacionalmente.<\/p>\n<p class=\"postParagraph_post-paragraph__juWZN\">O ministro do Supremo Tribunal Federal (STF) Alexandre de Moraes decretou a pris\u00e3o preventiva e a inclus\u00e3o da parlamentar no alerta ap\u00f3s ela anunciar que deixou o pa\u00eds. Zambelli foi condenada a 10 anos de pris\u00e3o pela invas\u00e3o ao sistema do Conselho Nacional de Justi\u00e7a (CNJ), realizada em 2023.<\/p>\n<p class=\"postParagraph_post-paragraph-innerHtml__Q5vwc\">Ela anunciou nesta ter\u00e7a-feira (3) que est\u00e1 nos Estados Unidos e pretende ir para a It\u00e1lia por ser alvo de \u201cpersegui\u00e7\u00e3o\u201d no Brasil. O diretor-geral da PF, Andrei Passos, confirmou ao <em>portal g1 <\/em>o envio do pedido \u00e0 Interpol, que atualmente \u00e9 comandada pelo delegado da PF, Valdecy Urquiza.<\/p>\n<p class=\"postParagraph_post-paragraph-innerHtml__Q5vwc\">Na pr\u00f3xima semana, o presidente Lula (PT) deve visitar a sede da organiza\u00e7\u00e3o, em Lyon, na Fran\u00e7a. Andrei acompanha a comitiva presidencial. A Primeira Turma do STF analisar\u00e1 nesta sexta-feira (6) o recurso da deputada contra a condena\u00e7\u00e3o.<\/p>\n<p class=\"postParagraph_post-paragraph__juWZN\">Caso o recurso (embargos de declara\u00e7\u00e3o) seja rejeitado por unanimidade, o processo ser\u00e1 considerado encerrado e a decis\u00e3o do STF torna-se definitiva.<\/p>\n<\/div>\n<p><br \/>\n<br \/>Fonte: <a href=\"https:\/\/www.gazetadopovo.com.br\/republica\/pf-pede-inclusao-de-carla-zambelli-na-lista-de-procurados-pela-interpol\/\">Revista Oeste<\/a><\/p>\n","protected":false},"excerpt":{"rendered":"<p>A Pol\u00edcia Federal pediu nesta quarta-feira (4) a inclus\u00e3o do nome da deputada Carla Zambelli (PL-SP) na lista de difus\u00e3o vermelha da Organiza\u00e7\u00e3o Internacional de Pol\u00edcia Criminal (Interpol). A lista serve para alertar as pol\u00edcias dos 196 pa\u00edses membros sobre fugitivos procurados internacionalmente. O ministro do Supremo Tribunal Federal (STF) Alexandre de Moraes decretou a [&hellip;]<\/p>\n","protected":false},"author":5,"featured_media":24983,"comment_status":"open","ping_status":"open","sticky":false,"template":"","format":"standard","meta":{"_seopress_robots_primary_cat":"","_seopress_titles_title":"","_seopress_titles_desc":"","_seopress_robots_index":"","footnotes":""},"categories":[1],"tags":[],"class_list":["post-24982","post","type-post","status-publish","format-standard","has-post-thumbnail","hentry","category-ultimas-noticias"],"_links":{"self":[{"href":"https:\/\/mussicom.com\/noticias\/wp-json\/wp\/v2\/posts\/24982","targetHints":{"allow":["GET"]}}],"collection":[{"href":"https:\/\/mussicom.com\/noticias\/wp-json\/wp\/v2\/posts"}],"about":[{"href":"https:\/\/mussicom.com\/noticias\/wp-json\/wp\/v2\/types\/post"}],"author":[{"embeddable":true,"href":"https:\/\/mussicom.com\/noticias\/wp-json\/wp\/v2\/users\/5"}],"replies":[{"embeddable":true,"href":"https:\/\/mussicom.com\/noticias\/wp-json\/wp\/v2\/comments?post=24982"}],"version-history":[{"count":0,"href":"https:\/\/mussicom.com\/noticias\/wp-json\/wp\/v2\/posts\/24982\/revisions"}],"wp:featuredmedia":[{"embeddable":true,"href":"https:\/\/mussicom.com\/noticias\/wp-json\/wp\/v2\/media\/24983"}],"wp:attachment":[{"href":"https:\/\/mussicom.com\/noticias\/wp-json\/wp\/v2\/media?parent=24982"}],"wp:term":[{"taxonomy":"category","embeddable":true,"href":"https:\/\/mussicom.com\/noticias\/wp-json\/wp\/v2\/categories?post=24982"},{"taxonomy":"post_tag","embeddable":true,"href":"https:\/\/mussicom.com\/noticias\/wp-json\/wp\/v2\/tags?post=24982"}],"curies":[{"name":"wp","href":"https:\/\/api.w.org\/{rel}","templated":true}]}}