{"id":24928,"date":"2025-06-04T18:35:11","date_gmt":"2025-06-04T21:35:11","guid":{"rendered":"https:\/\/mussicom.com\/festa-de-santo-antonio-comeca-neste-sabado-em-itanhaem\/"},"modified":"2025-06-04T18:35:11","modified_gmt":"2025-06-04T21:35:11","slug":"festa-de-santo-antonio-comeca-neste-sabado-em-itanhaem","status":"publish","type":"post","link":"https:\/\/mussicom.com\/noticias\/festa-de-santo-antonio-comeca-neste-sabado-em-itanhaem\/","title":{"rendered":"Festa de Santo Ant\u00f4nio come\u00e7a neste s\u00e1bado em Itanha\u00e9m"},"content":{"rendered":"<p> <br \/>\n<\/p>\n<div><\/p>\n<div>A Igreja Santa Terezinha realizar\u00e1 durante todo o m\u00eas de junho a tradicional quermesse da 15\u00aa Festa de Santo Ant\u00f4nio<\/div>\n<\/div>\n<p><br \/>\n<br \/>Fonte: <a href=\"https:\/\/jornaldaorla.com.br\/noticias\/festa-de-santo-antonio-comeca-neste-sabado-em-itanhaem\/\">Jornal Da Orla<\/a><\/p>\n","protected":false},"excerpt":{"rendered":"<p>A Igreja Santa Terezinha realizar\u00e1 durante todo o m\u00eas de junho a tradicional quermesse da 15\u00aa Festa de Santo Ant\u00f4nio Fonte: Jornal Da Orla<\/p>\n","protected":false},"author":5,"featured_media":24929,"comment_status":"open","ping_status":"open","sticky":false,"template":"","format":"standard","meta":{"_seopress_robots_primary_cat":"","_seopress_titles_title":"","_seopress_titles_desc":"","_seopress_robots_index":"","footnotes":""},"categories":[52],"tags":[],"class_list":["post-24928","post","type-post","status-publish","format-standard","has-post-thumbnail","hentry","category-santoseregiao"],"_links":{"self":[{"href":"https:\/\/mussicom.com\/noticias\/wp-json\/wp\/v2\/posts\/24928","targetHints":{"allow":["GET"]}}],"collection":[{"href":"https:\/\/mussicom.com\/noticias\/wp-json\/wp\/v2\/posts"}],"about":[{"href":"https:\/\/mussicom.com\/noticias\/wp-json\/wp\/v2\/types\/post"}],"author":[{"embeddable":true,"href":"https:\/\/mussicom.com\/noticias\/wp-json\/wp\/v2\/users\/5"}],"replies":[{"embeddable":true,"href":"https:\/\/mussicom.com\/noticias\/wp-json\/wp\/v2\/comments?post=24928"}],"version-history":[{"count":0,"href":"https:\/\/mussicom.com\/noticias\/wp-json\/wp\/v2\/posts\/24928\/revisions"}],"wp:featuredmedia":[{"embeddable":true,"href":"https:\/\/mussicom.com\/noticias\/wp-json\/wp\/v2\/media\/24929"}],"wp:attachment":[{"href":"https:\/\/mussicom.com\/noticias\/wp-json\/wp\/v2\/media?parent=24928"}],"wp:term":[{"taxonomy":"category","embeddable":true,"href":"https:\/\/mussicom.com\/noticias\/wp-json\/wp\/v2\/categories?post=24928"},{"taxonomy":"post_tag","embeddable":true,"href":"https:\/\/mussicom.com\/noticias\/wp-json\/wp\/v2\/tags?post=24928"}],"curies":[{"name":"wp","href":"https:\/\/api.w.org\/{rel}","templated":true}]}}