{"id":24921,"date":"2025-06-04T17:07:02","date_gmt":"2025-06-04T20:07:02","guid":{"rendered":"https:\/\/mussicom.com\/governo-da-espanha-cancela-compra-de-misseis-de-israel\/"},"modified":"2025-06-04T17:07:02","modified_gmt":"2025-06-04T20:07:02","slug":"governo-da-espanha-cancela-compra-de-misseis-de-israel","status":"publish","type":"post","link":"https:\/\/mussicom.com\/noticias\/governo-da-espanha-cancela-compra-de-misseis-de-israel\/","title":{"rendered":"Governo da Espanha cancela compra de m\u00edsseis de Israel"},"content":{"rendered":"<p> <br \/>\n<\/p>\n<div>\n<p class=\"postParagraph_post-paragraph-innerHtml__Q5vwc\">O governo da Espanha, liderado pelo primeiro-ministro socialista Pedro S\u00e1nchez, cancelou a compra de 168 lan\u00e7adores de m\u00edsseis e 1.680 m\u00edsseis antitanque da empresa israelense Rafael, informou nesta quarta-feira (4) a ag\u00eancia<em> France-Presse (AFP)<\/em>, citando ve\u00edculos da imprensa espanhola. O contrato de compra, avaliado em 287,5 milh\u00f5es de euros, previa que parte dos equipamentos fosse fabricada na pr\u00f3pria Espanha sob licen\u00e7a de Israel.<\/p>\n<p class=\"postParagraph_post-paragraph__juWZN\">A decis\u00e3o acontece em meio a cr\u00edticas crescentes do governo socialista espanhol contra a ofensiva militar de Israel na Faixa de Gaza, que visa eliminar os terroristas do Hamas que, em outubro de 2023, massacraram israelenses durante um ataque surpresa.<\/p>\n<p class=\"postParagraph_post-paragraph__juWZN\">Pedro S\u00e1nchez tem sido uma das principais vozes na Europa contra o governo de Benjamin Netanyahu, primeiro-ministro de Israel.<\/p>\n<p class=\"postParagraph_post-paragraph-innerHtml__Q5vwc\">De acordo com a <em>AFP<\/em>, al\u00e9m deste epis\u00f3dio envolvendo a israelense Rafael, o Minist\u00e9rio do Interior espanhol j\u00e1 havia, em abril, cancelado um contrato para compra de muni\u00e7\u00e3o da empresa israelense IMI Systems, no valor de 6,8 milh\u00f5es de euros. O cancelamento ocorreu em parte por press\u00e3o do partido Sumar, aliado dos socialistas. Na \u00e9poca, Yolanda D\u00edaz, vice-primeira-ministra da Espanha e l\u00edder do Sumar, declarou que a &#8220;Espanha n\u00e3o pode fazer neg\u00f3cios com um governo genocida (&#8230;) que est\u00e1 massacrando o povo palestino\u201d.<\/p>\n<\/div>\n<p><br \/>\n<br \/>Fonte: <a href=\"https:\/\/www.gazetadopovo.com.br\/mundo\/governo-socialista-da-espanha-cancela-compra-de-misseis-israelenses-apos-pressao-pro-palestina\/\">Revista Oeste<\/a><\/p>\n","protected":false},"excerpt":{"rendered":"<p>O governo da Espanha, liderado pelo primeiro-ministro socialista Pedro S\u00e1nchez, cancelou a compra de 168 lan\u00e7adores de m\u00edsseis e 1.680 m\u00edsseis antitanque da empresa israelense Rafael, informou nesta quarta-feira (4) a ag\u00eancia France-Presse (AFP), citando ve\u00edculos da imprensa espanhola. O contrato de compra, avaliado em 287,5 milh\u00f5es de euros, previa que parte dos equipamentos fosse [&hellip;]<\/p>\n","protected":false},"author":5,"featured_media":20427,"comment_status":"open","ping_status":"open","sticky":false,"template":"","format":"standard","meta":{"_seopress_robots_primary_cat":"","_seopress_titles_title":"","_seopress_titles_desc":"","_seopress_robots_index":"","footnotes":""},"categories":[1],"tags":[],"class_list":["post-24921","post","type-post","status-publish","format-standard","has-post-thumbnail","hentry","category-ultimas-noticias"],"_links":{"self":[{"href":"https:\/\/mussicom.com\/noticias\/wp-json\/wp\/v2\/posts\/24921","targetHints":{"allow":["GET"]}}],"collection":[{"href":"https:\/\/mussicom.com\/noticias\/wp-json\/wp\/v2\/posts"}],"about":[{"href":"https:\/\/mussicom.com\/noticias\/wp-json\/wp\/v2\/types\/post"}],"author":[{"embeddable":true,"href":"https:\/\/mussicom.com\/noticias\/wp-json\/wp\/v2\/users\/5"}],"replies":[{"embeddable":true,"href":"https:\/\/mussicom.com\/noticias\/wp-json\/wp\/v2\/comments?post=24921"}],"version-history":[{"count":0,"href":"https:\/\/mussicom.com\/noticias\/wp-json\/wp\/v2\/posts\/24921\/revisions"}],"wp:featuredmedia":[{"embeddable":true,"href":"https:\/\/mussicom.com\/noticias\/wp-json\/wp\/v2\/media\/20427"}],"wp:attachment":[{"href":"https:\/\/mussicom.com\/noticias\/wp-json\/wp\/v2\/media?parent=24921"}],"wp:term":[{"taxonomy":"category","embeddable":true,"href":"https:\/\/mussicom.com\/noticias\/wp-json\/wp\/v2\/categories?post=24921"},{"taxonomy":"post_tag","embeddable":true,"href":"https:\/\/mussicom.com\/noticias\/wp-json\/wp\/v2\/tags?post=24921"}],"curies":[{"name":"wp","href":"https:\/\/api.w.org\/{rel}","templated":true}]}}