{"id":24913,"date":"2025-06-04T16:06:19","date_gmt":"2025-06-04T19:06:19","guid":{"rendered":"https:\/\/mussicom.com\/mourao-reage-a-determinacao-de-moraes\/"},"modified":"2025-06-04T16:06:19","modified_gmt":"2025-06-04T19:06:19","slug":"mourao-reage-a-determinacao-de-moraes","status":"publish","type":"post","link":"https:\/\/mussicom.com\/noticias\/mourao-reage-a-determinacao-de-moraes\/","title":{"rendered":"Mour\u00e3o reage a determina\u00e7\u00e3o de Moraes"},"content":{"rendered":"<p> <br \/>\n<\/p>\n<div>\n<p class=\"postParagraph_post-paragraph-innerHtml__Q5vwc\">O senador General Hamilton Mour\u00e3o (Republicanos-RS) se pronunciou nesta quarta-feira (4) sobre a determina\u00e7\u00e3o do ministro Alexandre de Moraes, do Supremo Tribunal Federal (STF), para que ele deponha na Pol\u00edcia Federal no prazo de 15 dias. A decis\u00e3o atende a um pedido da Procuradoria-Geral da Rep\u00fablica (PGR), no \u00e2mbito da A\u00e7\u00e3o Penal 2668, que investiga o ex-presidente Jair Bolsonaro.<\/p>\n<div class=\"postViewMore_post-view-more-container___5wai\" data-mrf-recirculation=\"Post - Veja tamb\u00e9m\">\n<p class=\"gp-styles-module-size-small-afeYRa gp-styles-module-font-family2-afeYRa gp-styles-module-color-secondary-afeYRa gp-styles-module-weight-bold-afeYRa\">VEJA TAMB\u00c9M:<\/p>\n<ul class=\"postViewMore_post-view-more-list__CU_CE\">\n<li class=\"postViewMore_post-view-more-item__2MzRb\">\n<div class=\"postViewMore_post-view-more-image__5gUSe\"><picture class=\"imageDefault_image-container__XGd8_\"><\/picture><\/div>\n<p>STF determina oitiva de Mour\u00e3o ap\u00f3s not\u00edcia sobre conversa com Bolsonaro<\/li>\n<\/ul>\n<\/div>\n<p class=\"postParagraph_post-paragraph__juWZN\">A exig\u00eancia do depoimento foi motivada por uma reportagem publicada em 28 de maio de 2025, que revelou uma suposta liga\u00e7\u00e3o telef\u00f4nica entre Bolsonaro e Mour\u00e3o. O contato teria ocorrido ap\u00f3s o senador prestar depoimento \u00e0 Justi\u00e7a, no dia 23 de maio, como testemunha no processo.<\/p>\n<p class=\"postParagraph_post-paragraph__juWZN\">Segundo o conte\u00fado da not\u00edcia, Bolsonaro teria orientado Mour\u00e3o a refor\u00e7ar, durante o depoimento, que nunca ouviu o ex-presidente falar sobre ruptura institucional. Para a PGR, a revela\u00e7\u00e3o levanta suspeitas de que Mour\u00e3o possa ter sido coagido ou pressionado a ajustar seu testemunho, o que configuraria tentativa de interfer\u00eancia em investiga\u00e7\u00e3o judicial.<\/p>\n<p class=\"postParagraph_post-paragraph__juWZN\">Em nota divulgada \u00e0 Gazeta do Povo, Mour\u00e3o disse que tomou conhecimento da decis\u00e3o do ministro, a partir de diversas mat\u00e9rias veiculadas na imprensa. Segundo o senador, n\u00e3o h\u00e1 &#8220;nada de irregular ou ilegal&#8221; no depoimento que ele prestou como testemunha de Bolsonaro.<\/p>\n<p class=\"postParagraph_post-paragraph__juWZN\">&#8220;O ex-presidente entrou em contato comigo, dias antes da data marcada pelo STF, me consultando se concordaria em depor como testemunha de defesa e se na data designada pela Corte seria poss\u00edvel&#8221;, diz Mour\u00e3o.<\/p>\n<p class=\"postParagraph_post-paragraph__juWZN\">O senador ainda explicou que Bolsonaro &#8220;esclareceu que fazia esse contato tendo em vista que &#8211; de maneira excepcional -, o ministro relator do processo n\u00e3o iria expedir intima\u00e7\u00f5es \u00e0s testemunhas indicadas pelas defesas, cabendo a estas, ent\u00e3o, contata-las e pedir a gentileza de prestar depoimento&#8221;. &#8220;Concordei com o pedido do ex-presidente, e passei a perguntar-lhe sobre seu estado de sa\u00fade, visto que se recuperava de recente cirurgia&#8221;, disse.<\/p>\n<p class=\"postParagraph_post-paragraph__juWZN\">&#8220;Em momento algum fui constrangido, amea\u00e7ado ou recebi alguma insinua\u00e7\u00e3o que pudesse, de alguma forma, influenciar meu depoimento que, registro, foi a express\u00e3o da verdade em cada palavra, ratificando-o integralmente&#8221;, conclui.<\/p>\n<p class=\"postParagraph_post-paragraph__juWZN\">Ao acolher o pedido da PGR, Moraes autuou a peti\u00e7\u00e3o como processo sigiloso e encaminhou \u00e0 Pol\u00edcia Federal. Al\u00e9m do novo depoimento, o despacho autoriza eventuais investiga\u00e7\u00f5es adicionais, caso surjam novos elementos durante a apura\u00e7\u00e3o.<\/p>\n<\/div>\n<p><br \/>\n<br \/>Fonte: <a href=\"https:\/\/www.gazetadopovo.com.br\/republica\/mourao-se-pronuncia-sobre-depoimento-a-pf-determinado-por-moraes\/\">Revista Oeste<\/a><\/p>\n","protected":false},"excerpt":{"rendered":"<p>O senador General Hamilton Mour\u00e3o (Republicanos-RS) se pronunciou nesta quarta-feira (4) sobre a determina\u00e7\u00e3o do ministro Alexandre de Moraes, do Supremo Tribunal Federal (STF), para que ele deponha na Pol\u00edcia Federal no prazo de 15 dias. A decis\u00e3o atende a um pedido da Procuradoria-Geral da Rep\u00fablica (PGR), no \u00e2mbito da A\u00e7\u00e3o Penal 2668, que investiga [&hellip;]<\/p>\n","protected":false},"author":5,"featured_media":24914,"comment_status":"open","ping_status":"open","sticky":false,"template":"","format":"standard","meta":{"_seopress_robots_primary_cat":"","_seopress_titles_title":"","_seopress_titles_desc":"","_seopress_robots_index":"","footnotes":""},"categories":[1],"tags":[],"class_list":["post-24913","post","type-post","status-publish","format-standard","has-post-thumbnail","hentry","category-ultimas-noticias"],"_links":{"self":[{"href":"https:\/\/mussicom.com\/noticias\/wp-json\/wp\/v2\/posts\/24913","targetHints":{"allow":["GET"]}}],"collection":[{"href":"https:\/\/mussicom.com\/noticias\/wp-json\/wp\/v2\/posts"}],"about":[{"href":"https:\/\/mussicom.com\/noticias\/wp-json\/wp\/v2\/types\/post"}],"author":[{"embeddable":true,"href":"https:\/\/mussicom.com\/noticias\/wp-json\/wp\/v2\/users\/5"}],"replies":[{"embeddable":true,"href":"https:\/\/mussicom.com\/noticias\/wp-json\/wp\/v2\/comments?post=24913"}],"version-history":[{"count":0,"href":"https:\/\/mussicom.com\/noticias\/wp-json\/wp\/v2\/posts\/24913\/revisions"}],"wp:featuredmedia":[{"embeddable":true,"href":"https:\/\/mussicom.com\/noticias\/wp-json\/wp\/v2\/media\/24914"}],"wp:attachment":[{"href":"https:\/\/mussicom.com\/noticias\/wp-json\/wp\/v2\/media?parent=24913"}],"wp:term":[{"taxonomy":"category","embeddable":true,"href":"https:\/\/mussicom.com\/noticias\/wp-json\/wp\/v2\/categories?post=24913"},{"taxonomy":"post_tag","embeddable":true,"href":"https:\/\/mussicom.com\/noticias\/wp-json\/wp\/v2\/tags?post=24913"}],"curies":[{"name":"wp","href":"https:\/\/api.w.org\/{rel}","templated":true}]}}