{"id":24821,"date":"2025-06-04T03:51:05","date_gmt":"2025-06-04T06:51:05","guid":{"rendered":"https:\/\/mussicom.com\/moraes-manda-excluir-gafe-de-gonet-de-video-de-depoimento\/"},"modified":"2025-06-04T03:51:05","modified_gmt":"2025-06-04T06:51:05","slug":"moraes-manda-excluir-gafe-de-gonet-de-video-de-depoimento","status":"publish","type":"post","link":"https:\/\/mussicom.com\/noticias\/moraes-manda-excluir-gafe-de-gonet-de-video-de-depoimento\/","title":{"rendered":"Moraes manda excluir gafe de Gonet de v\u00eddeo de depoimento"},"content":{"rendered":"<p> <br \/>\n<\/p>\n<div>\n<p class=\"postParagraph_post-paragraph-innerHtml__Q5vwc\">O Supremo Tribunal Federal (STF) editou um trecho do depoimento do ex-ministro da Defesa Aldo Rebelo para excluir a gafe do procurador-geral da Rep\u00fablica, Paulo Gonet. A audi\u00eancia ocorreu no \u00faltimo dia 23, mas a grava\u00e7\u00e3o s\u00f3 foi divulgada nesta ter\u00e7a-feira (3). Sem perceber que o microfone estava aberto, Gonet levou a m\u00e3o \u00e0 boca e comentou, rindo, com auxiliares pr\u00f3ximos: \u201cfiz uma cagada agora\u201d.<\/p>\n<p class=\"postParagraph_post-paragraph-innerHtml__Q5vwc\">O ministro Alexandre de Moraes, relator do caso, mandou retirar o momento com base no artigo 78 do C\u00f3digo de Processo Civil, que veda \u201cexpress\u00f5es ofensivas\u201d das partes em audi\u00eancias. A regra tamb\u00e9m autoriza que essas express\u00f5es \u201csejam riscadas\u201d dos autos. O trecho tamb\u00e9m foi removido da transcri\u00e7\u00e3o do depoimento.<\/p>\n<p class=\"postParagraph_post-paragraph__juWZN\">O advogado Dem\u00f3stenes Torres, que representa o ex-comandante da Marinha Almir Garnier, tentou questionar a opini\u00e3o da testemunha com rela\u00e7\u00e3o a possibilidade de Garnier ter aderido a suposta tentativa de golpe de Estado em 2022. Moraes alertou Aldo a n\u00e3o fazer ju\u00edzo de valor e se ater a fatos concretos, al\u00e9m de repreender o advogado.<\/p>\n<div class=\"postViewMore_post-view-more-container___5wai\" data-mrf-recirculation=\"Post - Veja tamb\u00e9m\">\n<p class=\"gp-styles-module-size-small-afeYRa gp-styles-module-font-family2-afeYRa gp-styles-module-color-secondary-afeYRa gp-styles-module-weight-bold-afeYRa\">VEJA TAMB\u00c9M:<\/p>\n<ul class=\"postViewMore_post-view-more-list__CU_CE\">\n<li class=\"postViewMore_post-view-more-item__2MzRb\"><span class=\"postViewMore_post-view-more-link-icon___stPC\"><svg xmlns=\"http:\/\/www.w3.org\/2000\/svg\" width=\"16\" height=\"16\" viewbox=\"0 0 16 16\"><rect width=\"16\" height=\"16\" fill=\"none\"\/><g transform=\"translate(3 3)\"><path d=\"M22.5,15l3.4,3.4-3.4,3.4\" transform=\"translate(-15.896 -11.793)\" fill=\"none\" stroke=\"#717171\" stroke-linecap=\"round\" stroke-width=\"1.4\"\/><path d=\"M6,6v4.2a2.452,2.452,0,0,0,2.5,2.4H16\" transform=\"translate(-6 -6)\" fill=\"none\" stroke=\"#717171\" stroke-linecap=\"round\" stroke-width=\"1.4\"\/><\/g><\/svg><\/span><span class=\"postViewMore_post-view-more-link-text__hO_kM\">Depoimentos de generais e amea\u00e7a de Moraes a Rebelo: veja v\u00eddeos divulgados pelo STF<\/span><\/li>\n<\/ul>\n<\/div>\n<p class=\"postParagraph_post-paragraph__juWZN\">No final do interrogat\u00f3rio, Gonet perguntou a Aldo se ele \u201cacredita\u201d que a Marinha \u201cpoderia romper com a normalidade institucional\u201d sem apoio do Ex\u00e9rcito. Torres reclamou da pergunta e disse que disse que \u201cse n\u00e3o poderia fazer afirma\u00e7\u00f5es ou pedir opini\u00f5es\u201d, o procurador-geral tamb\u00e9m n\u00e3o poderia.<\/p>\n<p class=\"postParagraph_post-paragraph__juWZN\">Nesse momento, Gonet comentou: \u201cfiz uma cagada agora\u201d. O trecho foi percebido pelos participantes e ouvintes no dia da audi\u00eancia, mas n\u00e3o \u00e9 poss\u00edvel ouvir a gafe no v\u00eddeo divulgado pela Corte nesta ter\u00e7a (3). Veja o momento no v\u00eddeo abaixo:<\/p>\n<p><iframe src=\"https:\/\/player.vimeo.com\/video\/1090304095\" width=\"560\" height=\"315\" allow=\"fullscreen\" allowfullscreen=\"\"><\/iframe><\/p>\n<h2 class=\"postParagraph_post-paragraph__juWZN postParagraph_type-tag-h2__TtFkT\">O que diz o C\u00f3digo de Processo Civil sobre \u201cexpress\u00f5es ofensivas\u201d em audi\u00eancias<\/h2>\n<p class=\"postParagraph_post-paragraph-innerHtml__Q5vwc\"><em>\u201cArt. 78. \u00c9 vedado \u00e0s partes, a seus procuradores, aos ju\u00edzes, aos membros do Minist\u00e9rio P\u00fablico e da Defensoria P\u00fablica e a qualquer pessoa que participe do processo empregar express\u00f5es ofensivas nos escritos apresentados.<\/em><\/p>\n<p class=\"postParagraph_post-paragraph-innerHtml__Q5vwc\"><em>\u00a7 1\u00ba Quando express\u00f5es ou condutas ofensivas forem manifestadas oral ou presencialmente, o juiz advertir\u00e1 o ofensor de que n\u00e3o as deve usar ou repetir, sob pena de lhe ser cassada a palavra.<\/em><\/p>\n<p class=\"postParagraph_post-paragraph-innerHtml__Q5vwc\"><em>\u00a7 2\u00ba De of\u00edcio ou a requerimento do ofendido, o juiz determinar\u00e1 que as express\u00f5es ofensivas sejam riscadas e, a requerimento do ofendido, determinar\u00e1 a expedi\u00e7\u00e3o de certid\u00e3o com inteiro teor das express\u00f5es ofensivas e a colocar\u00e1 \u00e0 disposi\u00e7\u00e3o da parte interessada\u201d.<\/em><\/p>\n<\/div>\n<p><br \/>\n<br \/>Fonte: <a href=\"https:\/\/www.gazetadopovo.com.br\/republica\/moraes-manda-excluir-gafe-de-gonet-de-video-do-depoimento-de-aldo-rebelo\/\">Revista Oeste<\/a><\/p>\n","protected":false},"excerpt":{"rendered":"<p>O Supremo Tribunal Federal (STF) editou um trecho do depoimento do ex-ministro da Defesa Aldo Rebelo para excluir a gafe do procurador-geral da Rep\u00fablica, Paulo Gonet. A audi\u00eancia ocorreu no \u00faltimo dia 23, mas a grava\u00e7\u00e3o s\u00f3 foi divulgada nesta ter\u00e7a-feira (3). Sem perceber que o microfone estava aberto, Gonet levou a m\u00e3o \u00e0 boca [&hellip;]<\/p>\n","protected":false},"author":5,"featured_media":24822,"comment_status":"open","ping_status":"open","sticky":false,"template":"","format":"standard","meta":{"_seopress_robots_primary_cat":"","_seopress_titles_title":"","_seopress_titles_desc":"","_seopress_robots_index":"","footnotes":""},"categories":[1],"tags":[],"class_list":["post-24821","post","type-post","status-publish","format-standard","has-post-thumbnail","hentry","category-ultimas-noticias"],"_links":{"self":[{"href":"https:\/\/mussicom.com\/noticias\/wp-json\/wp\/v2\/posts\/24821","targetHints":{"allow":["GET"]}}],"collection":[{"href":"https:\/\/mussicom.com\/noticias\/wp-json\/wp\/v2\/posts"}],"about":[{"href":"https:\/\/mussicom.com\/noticias\/wp-json\/wp\/v2\/types\/post"}],"author":[{"embeddable":true,"href":"https:\/\/mussicom.com\/noticias\/wp-json\/wp\/v2\/users\/5"}],"replies":[{"embeddable":true,"href":"https:\/\/mussicom.com\/noticias\/wp-json\/wp\/v2\/comments?post=24821"}],"version-history":[{"count":0,"href":"https:\/\/mussicom.com\/noticias\/wp-json\/wp\/v2\/posts\/24821\/revisions"}],"wp:featuredmedia":[{"embeddable":true,"href":"https:\/\/mussicom.com\/noticias\/wp-json\/wp\/v2\/media\/24822"}],"wp:attachment":[{"href":"https:\/\/mussicom.com\/noticias\/wp-json\/wp\/v2\/media?parent=24821"}],"wp:term":[{"taxonomy":"category","embeddable":true,"href":"https:\/\/mussicom.com\/noticias\/wp-json\/wp\/v2\/categories?post=24821"},{"taxonomy":"post_tag","embeddable":true,"href":"https:\/\/mussicom.com\/noticias\/wp-json\/wp\/v2\/tags?post=24821"}],"curies":[{"name":"wp","href":"https:\/\/api.w.org\/{rel}","templated":true}]}}