{"id":24721,"date":"2025-06-03T16:07:06","date_gmt":"2025-06-03T19:07:06","guid":{"rendered":"https:\/\/mussicom.com\/sao-vicente-anuncia-2a-fase-da-reurbanizacao-do-centro-comercial\/"},"modified":"2025-06-03T16:07:06","modified_gmt":"2025-06-03T19:07:06","slug":"sao-vicente-anuncia-2a-fase-da-reurbanizacao-do-centro-comercial","status":"publish","type":"post","link":"https:\/\/mussicom.com\/noticias\/sao-vicente-anuncia-2a-fase-da-reurbanizacao-do-centro-comercial\/","title":{"rendered":"S\u00e3o Vicente anuncia 2\u00aa fase da reurbaniza\u00e7\u00e3o do centro comercial"},"content":{"rendered":"<p> <br \/>\n<\/p>\n<div><\/p>\n<div>A solenidade em celebra\u00e7\u00e3o ao anivers\u00e1rio de 76 anos da Associa\u00e7\u00e3o Comercial de S\u00e3o Vicente, realizada no s\u00e1bado (31), foi marcada<\/div>\n<\/div>\n<p><br \/>\n<br \/>Fonte: <a href=\"https:\/\/jornaldaorla.com.br\/noticias\/sao-vicente-anuncia-2a-fase-da-reurbanizacao-do-centro-comercial\/\">Jornal Da Orla<\/a><\/p>\n","protected":false},"excerpt":{"rendered":"<p>A solenidade em celebra\u00e7\u00e3o ao anivers\u00e1rio de 76 anos da Associa\u00e7\u00e3o Comercial de S\u00e3o Vicente, realizada no s\u00e1bado (31), foi marcada Fonte: Jornal Da Orla<\/p>\n","protected":false},"author":5,"featured_media":24722,"comment_status":"open","ping_status":"open","sticky":false,"template":"","format":"standard","meta":{"_seopress_robots_primary_cat":"","_seopress_titles_title":"","_seopress_titles_desc":"","_seopress_robots_index":"","footnotes":""},"categories":[52],"tags":[],"class_list":["post-24721","post","type-post","status-publish","format-standard","has-post-thumbnail","hentry","category-santoseregiao"],"_links":{"self":[{"href":"https:\/\/mussicom.com\/noticias\/wp-json\/wp\/v2\/posts\/24721","targetHints":{"allow":["GET"]}}],"collection":[{"href":"https:\/\/mussicom.com\/noticias\/wp-json\/wp\/v2\/posts"}],"about":[{"href":"https:\/\/mussicom.com\/noticias\/wp-json\/wp\/v2\/types\/post"}],"author":[{"embeddable":true,"href":"https:\/\/mussicom.com\/noticias\/wp-json\/wp\/v2\/users\/5"}],"replies":[{"embeddable":true,"href":"https:\/\/mussicom.com\/noticias\/wp-json\/wp\/v2\/comments?post=24721"}],"version-history":[{"count":0,"href":"https:\/\/mussicom.com\/noticias\/wp-json\/wp\/v2\/posts\/24721\/revisions"}],"wp:featuredmedia":[{"embeddable":true,"href":"https:\/\/mussicom.com\/noticias\/wp-json\/wp\/v2\/media\/24722"}],"wp:attachment":[{"href":"https:\/\/mussicom.com\/noticias\/wp-json\/wp\/v2\/media?parent=24721"}],"wp:term":[{"taxonomy":"category","embeddable":true,"href":"https:\/\/mussicom.com\/noticias\/wp-json\/wp\/v2\/categories?post=24721"},{"taxonomy":"post_tag","embeddable":true,"href":"https:\/\/mussicom.com\/noticias\/wp-json\/wp\/v2\/tags?post=24721"}],"curies":[{"name":"wp","href":"https:\/\/api.w.org\/{rel}","templated":true}]}}