{"id":24710,"date":"2025-06-03T14:38:05","date_gmt":"2025-06-03T17:38:05","guid":{"rendered":"https:\/\/mussicom.com\/lula-critica-desconto-de-imposto-e-defende-taxacao-de-ricos\/"},"modified":"2025-06-03T14:38:05","modified_gmt":"2025-06-03T17:38:05","slug":"lula-critica-desconto-de-imposto-e-defende-taxacao-de-ricos","status":"publish","type":"post","link":"https:\/\/mussicom.com\/noticias\/lula-critica-desconto-de-imposto-e-defende-taxacao-de-ricos\/","title":{"rendered":"Lula critica desconto de imposto e defende taxa\u00e7\u00e3o de ricos"},"content":{"rendered":"<p> <br \/>\n<\/p>\n<div>\n<p class=\"postParagraph_post-paragraph__juWZN\">O presidente Luiz In\u00e1cio Lula da Silva (PT) criticou o volume de descontos de impostos concedidos pelo governo e a tentativa de setores da economia de estender desonera\u00e7\u00f5es tribut\u00e1rias, pr\u00e1tica que ele classificou de &#8220;defici\u00eancia cultural&#8221; do pa\u00eds. O chefe do Executivo tamb\u00e9m defendeu a cobran\u00e7a de 10% de Imposto de Renda de quem ganha mais de R$ 1 milh\u00e3o ao ano.<\/p>\n<p class=\"postParagraph_post-paragraph__juWZN\">&#8220;N\u00f3s temos um problema que \u00e9 uma defici\u00eancia cultural no Brasil. Todo benef\u00edcio que voc\u00ea d\u00e1 para o setor produtivo, para os empres\u00e1rios, para que uma empresa possa se instalar num estado, para que a gente possa evitar crise econ\u00f4mica \u2013 e eu j\u00e1 fiz muito \u2013, voc\u00ea d\u00e1 por um ano, por dois anos\u2026 Quando voc\u00ea quer tirar, \u00e9 muito dif\u00edcil, as pessoas querem que seja permanente&#8221;, disse Lula em entrevista coletiva nesta ter\u00e7a-feira (3).<\/p>\n<div class=\"postViewMore_post-view-more-container___5wai\" data-mrf-recirculation=\"Post - Veja tamb\u00e9m\">\n<p class=\"gp-styles-module-size-small-afeYRa gp-styles-module-font-family2-afeYRa gp-styles-module-color-secondary-afeYRa gp-styles-module-weight-bold-afeYRa\">VEJA TAMB\u00c9M:<\/p>\n<ul class=\"postViewMore_post-view-more-list__CU_CE\">\n<li class=\"postViewMore_post-view-more-item__2MzRb\">\n<div class=\"postViewMore_post-view-more-image__5gUSe\"><picture class=\"imageDefault_image-container__XGd8_\"><\/picture><\/div>\n<p>Governo Lula subiu ou criou impostos 24 vezes desde 2023 \u2013 uma a cada 37 dias<\/li>\n<li class=\"postViewMore_post-view-more-item__2MzRb\">\n<div class=\"postViewMore_post-view-more-image__5gUSe\"><picture class=\"imageDefault_image-container__XGd8_\"><img loading=\"lazy\" alt=\"Governo Lula subiu Imposto sobre Opera\u00e7\u00f5es Financeiras (IOF) para n\u00e3o ter que congelar mais verbas.\" loading=\"lazy\" width=\"72\" height=\"72\" decoding=\"async\" data-nimg=\"1\" class=\"imageDefault_image-item__lU2Dk\" style=\"color:transparent\" src=\"https:\/\/media.gazetadopovo.com.br\/2025\/05\/27095412\/imposto-iof-lula-380x214.jpg.webp\"\/><\/picture><\/div>\n<p>Fernando Jasper: A maior taxa\u00e7\u00e3o da hist\u00f3ria n\u00e3o basta. Lula e companhia querem mais<\/li>\n<\/ul>\n<\/div>\n<p class=\"postParagraph_post-paragraph-innerHtml__Q5vwc\">Segundo o presidente, o governo federal abre m\u00e3o de R$ 800 bilh\u00f5es por ano em impostos por meio de incentivos fiscais, enquanto &#8220;fica se matando&#8221; para cortar R$ 30 bilh\u00f5es do Or\u00e7amento. Foi uma refer\u00eancia ao congelamento de verbas anunciado pela equipe econ\u00f4mica em 22 de maio, mesmo dia em que o governo comunicou o aumento do Imposto sobre Opera\u00e7\u00f5es Financeiras (IOF).<\/p>\n<p class=\"postParagraph_post-paragraph__juWZN\">Para Lula, o dinheiro que foi bloqueado &#8220;poderia ser tirado desses R$ 800 bilh\u00f5es&#8221;, mas &#8220;as pessoas acham que \u00e9 um direito adquirido&#8221;. &#8220;Do jeito que as coisas v\u00e3o, \u00e9 quase imposs\u00edvel fazer as pol\u00edticas que tem que fazer para melhorar a qualidade de vida das pessoas que est\u00e3o ainda deserdadas neste pa\u00eds, as pessoas do andar de baixo&#8221;, afirmou.<\/p>\n<p class=\"postParagraph_post-paragraph__juWZN\">Em sua fala, o presidente fez refer\u00eancia \u00e0 desonera\u00e7\u00e3o da folha de pagamentos, que foi objeto de disputa entre governo e Congresso. Para ele, a medida \u2013 implantada no governo de Dilma Rousseff (PT) e prorrogada sucessivamente desde ent\u00e3o \u2013 &#8220;desonerou a parte mais rica da sociedade e n\u00e3o gerou um emprego, n\u00e3o gerou uma estabilidade para um trabalhador&#8221;.<\/p>\n<p class=\"postParagraph_post-paragraph__juWZN\">Ap\u00f3s idas e vindas, o Congresso aprovou no ano passado um cronograma de reonera\u00e7\u00e3o da folha salarial de 2025 a 2028. A contribui\u00e7\u00e3o previdenci\u00e1ria voltou a ser cobrada neste ano, com al\u00edquota de 5%, e ser\u00e1 elevada gradualmente at\u00e9 retornar aos 20% originais.<\/p>\n<div class=\"postViewMore_post-view-more-container___5wai\" data-mrf-recirculation=\"Post - Veja tamb\u00e9m\">\n<p class=\"gp-styles-module-size-small-afeYRa gp-styles-module-font-family2-afeYRa gp-styles-module-color-secondary-afeYRa gp-styles-module-weight-bold-afeYRa\">VEJA TAMB\u00c9M:<\/p>\n<ul class=\"postViewMore_post-view-more-list__CU_CE\">\n<li class=\"postViewMore_post-view-more-item__2MzRb\">\n<div class=\"postViewMore_post-view-more-image__5gUSe\"><picture class=\"imageDefault_image-container__XGd8_\"><img loading=\"lazy\" alt=\"Lula\" loading=\"lazy\" width=\"72\" height=\"72\" decoding=\"async\" data-nimg=\"1\" class=\"imageDefault_image-item__lU2Dk\" style=\"color:transparent\" src=\"https:\/\/media.gazetadopovo.com.br\/2025\/06\/03114355\/lula-foto-reproducao-canal-gov-93-380x214.jpg.webp\"\/><\/picture><\/div>\n<p>Lula alfineta Haddad e diz que nenhuma medida pode ser anunciada sem falar com o Congresso<\/li>\n<li class=\"postViewMore_post-view-more-item__2MzRb\">\n<div class=\"postViewMore_post-view-more-image__5gUSe\"><picture class=\"imageDefault_image-container__XGd8_\"><img loading=\"lazy\" alt=\"Lula\" loading=\"lazy\" width=\"72\" height=\"72\" decoding=\"async\" data-nimg=\"1\" class=\"imageDefault_image-item__lU2Dk\" style=\"color:transparent\" src=\"https:\/\/media.gazetadopovo.com.br\/2025\/06\/03130321\/lula-foto-reproducao-canal-gov-95-380x214.jpg.webp\"\/><\/picture><\/div>\n<p>Lula diz que fizeram \u201csacanagem\u201d com Dilma e que aceitar\u00e1 eventual perda da reelei\u00e7\u00e3o<\/li>\n<\/ul>\n<\/div>\n<h2 class=\"postParagraph_post-paragraph__juWZN postParagraph_type-tag-h2__TtFkT\">&#8220;O cara ganha R$ 1 milh\u00e3o e n\u00e3o quer pagar 10%&#8221;, diz Lula sobre reforma do Imposto de Renda<\/h2>\n<p class=\"postParagraph_post-paragraph-innerHtml__Q5vwc\">Na entrevista coletiva, Lula tamb\u00e9m disse que contribuintes que ganham mais de R$ 1 milh\u00e3o por ano est\u00e3o preocupados porque o governo prop\u00f4s, na reforma do Imposto de Renda, a cobran\u00e7a de um imposto m\u00ednimo sobre os mais ricos, que pode chegar a 10%.<\/p>\n<p class=\"postParagraph_post-paragraph__juWZN\">&#8220;Estamos isentando as pessoas que ganham at\u00e9 R$ 5 mil por m\u00eas, e vai ter que cobrar de quem ganha mais de R$ 1 milh\u00e3o. O cara que ganha R$ 1 milh\u00e3o ou mais e vai pagar 10% n\u00e3o quer pagar. Assim a gente n\u00e3o consegue construir um pa\u00eds de classe m\u00e9dia&#8221;, continuou o presidente. Segundo ele, o Brasil tem de ser governado para todos, e n\u00e3o &#8220;para apenas 35% da popula\u00e7\u00e3o, que tem um poder de compra razo\u00e1vel&#8221;.<\/p>\n<p class=\"postParagraph_post-paragraph__juWZN\">Lula deu as declara\u00e7\u00f5es ao responder uma pergunta sobre a cobran\u00e7a de IOF nas opera\u00e7\u00f5es de &#8220;risco sacado&#8221; \u2013 quando o banco adianta \u00e0 empresa dinheiro que ela tem a receber de clientes. O presidente da C\u00e2mara, Hugo Motta (Republicanos-PB), cobra o governo a revogar imediatamente a taxa\u00e7\u00e3o sobre essa modalidade de cr\u00e9dito.<\/p>\n<p class=\"postParagraph_post-paragraph__juWZN\">O pr\u00f3prio Motta tem defendido a redu\u00e7\u00e3o de incentivos tribut\u00e1rios entre as alternativas ao aumento de impostos. \u201cO Brasil n\u00e3o aguenta mais as isen\u00e7\u00f5es fiscais que o pa\u00eds tem\u201d, disse o presidente da C\u00e2mara na semana passada.<\/p>\n<\/div>\n<p><br \/>\n<br \/>Fonte: <a href=\"https:\/\/www.gazetadopovo.com.br\/economia\/lula-critica-desconto-imposto-defente-taxacao-ricos\/\">Revista Oeste<\/a><\/p>\n","protected":false},"excerpt":{"rendered":"<p>O presidente Luiz In\u00e1cio Lula da Silva (PT) criticou o volume de descontos de impostos concedidos pelo governo e a tentativa de setores da economia de estender desonera\u00e7\u00f5es tribut\u00e1rias, pr\u00e1tica que ele classificou de &#8220;defici\u00eancia cultural&#8221; do pa\u00eds. O chefe do Executivo tamb\u00e9m defendeu a cobran\u00e7a de 10% de Imposto de Renda de quem ganha [&hellip;]<\/p>\n","protected":false},"author":5,"featured_media":24711,"comment_status":"open","ping_status":"open","sticky":false,"template":"","format":"standard","meta":{"_seopress_robots_primary_cat":"","_seopress_titles_title":"","_seopress_titles_desc":"","_seopress_robots_index":"","footnotes":""},"categories":[1],"tags":[],"class_list":["post-24710","post","type-post","status-publish","format-standard","has-post-thumbnail","hentry","category-ultimas-noticias"],"_links":{"self":[{"href":"https:\/\/mussicom.com\/noticias\/wp-json\/wp\/v2\/posts\/24710","targetHints":{"allow":["GET"]}}],"collection":[{"href":"https:\/\/mussicom.com\/noticias\/wp-json\/wp\/v2\/posts"}],"about":[{"href":"https:\/\/mussicom.com\/noticias\/wp-json\/wp\/v2\/types\/post"}],"author":[{"embeddable":true,"href":"https:\/\/mussicom.com\/noticias\/wp-json\/wp\/v2\/users\/5"}],"replies":[{"embeddable":true,"href":"https:\/\/mussicom.com\/noticias\/wp-json\/wp\/v2\/comments?post=24710"}],"version-history":[{"count":0,"href":"https:\/\/mussicom.com\/noticias\/wp-json\/wp\/v2\/posts\/24710\/revisions"}],"wp:featuredmedia":[{"embeddable":true,"href":"https:\/\/mussicom.com\/noticias\/wp-json\/wp\/v2\/media\/24711"}],"wp:attachment":[{"href":"https:\/\/mussicom.com\/noticias\/wp-json\/wp\/v2\/media?parent=24710"}],"wp:term":[{"taxonomy":"category","embeddable":true,"href":"https:\/\/mussicom.com\/noticias\/wp-json\/wp\/v2\/categories?post=24710"},{"taxonomy":"post_tag","embeddable":true,"href":"https:\/\/mussicom.com\/noticias\/wp-json\/wp\/v2\/tags?post=24710"}],"curies":[{"name":"wp","href":"https:\/\/api.w.org\/{rel}","templated":true}]}}