{"id":24638,"date":"2025-06-03T05:29:15","date_gmt":"2025-06-03T08:29:15","guid":{"rendered":"https:\/\/mussicom.com\/trump-culpa-biden-por-ataque-antissemita-no-colorado\/"},"modified":"2025-06-03T05:29:15","modified_gmt":"2025-06-03T08:29:15","slug":"trump-culpa-biden-por-ataque-antissemita-no-colorado","status":"publish","type":"post","link":"https:\/\/mussicom.com\/noticias\/trump-culpa-biden-por-ataque-antissemita-no-colorado\/","title":{"rendered":"Trump culpa Biden por ataque antissemita no Colorado"},"content":{"rendered":"<p> <br \/>\n<\/p>\n<div>\n<p class=\"postParagraph_post-paragraph__juWZN\">O presidente dos Estados Unidos, Donald Trump, culpou nesta segunda-feira (2) seu antecessor, o democrata Joe Biden (2021-2025), por um ataque terrorista antissemita ocorrido no domingo no estado do Colorado, durante um protesto em apoio aos ref\u00e9ns israelenses mantidos pelo grupo terrorista Hamas na Faixa de Gaza.<\/p>\n<p class=\"postParagraph_post-paragraph__juWZN\">\u201cO terr\u00edvel ataque de ontem em Boulder, Colorado, n\u00e3o ser\u00e1 tolerado nos Estados Unidos da Am\u00e9rica. Ele [o suspeito do crime] entrou [nos EUA] por meio da rid\u00edcula Pol\u00edtica de Fronteiras Abertas de Biden, que tanto prejudicou nosso pa\u00eds\u201d, escreveu Trump na rede Truth Social.<\/p>\n<p class=\"postParagraph_post-paragraph__juWZN\">\u201cEle deve sair sob a Pol\u00edtica \u2018Trump\u2019. Atos de terrorismo ser\u00e3o processados \u200b\u200bcom todo o rigor da lei. Este \u00e9 mais um exemplo de por que devemos manter nossas fronteiras seguras e deportar radicais ilegais e antiamericanos da nossa P\u00e1tria. Meus sentimentos est\u00e3o com as v\u00edtimas desta terr\u00edvel trag\u00e9dia e com o Grande Povo de Boulder, Colorado!\u201d, acrescentou o presidente americano.<\/p>\n<p class=\"postParagraph_post-paragraph__juWZN\">No ataque, realizado com um lan\u00e7a-chamas e coquet\u00e9is molotov, ao menos oito pessoas ficaram feridas.<\/p>\n<p class=\"postParagraph_post-paragraph-innerHtml__Q5vwc\">O Departamento de Seguran\u00e7a Interna (DHS, na sigla em ingl\u00eas) informou que o suspeito, o eg\u00edpcio Mohamed Sabry Soliman, que foi preso, havia entrado nos Estados Unidos em agosto de 2022 e solicitado asilo no m\u00eas seguinte. Ele permaneceu no pa\u00eds com um visto de turista que expirou em fevereiro de 2023.<\/p>\n<p class=\"postParagraph_post-paragraph__juWZN\">Segundo testemunhas, durante o ataque, Soliman gritou o bord\u00e3o \u201cPalestina livre\u201d.<\/p>\n<\/div>\n<p><br \/>\n<br \/>Fonte: <a href=\"https:\/\/www.gazetadopovo.com.br\/mundo\/trump-culpa-biden-por-ataque-antissemita-no-colorado\/\">Revista Oeste<\/a><\/p>\n","protected":false},"excerpt":{"rendered":"<p>O presidente dos Estados Unidos, Donald Trump, culpou nesta segunda-feira (2) seu antecessor, o democrata Joe Biden (2021-2025), por um ataque terrorista antissemita ocorrido no domingo no estado do Colorado, durante um protesto em apoio aos ref\u00e9ns israelenses mantidos pelo grupo terrorista Hamas na Faixa de Gaza. \u201cO terr\u00edvel ataque de ontem em Boulder, Colorado, [&hellip;]<\/p>\n","protected":false},"author":5,"featured_media":24639,"comment_status":"open","ping_status":"open","sticky":false,"template":"","format":"standard","meta":{"_seopress_robots_primary_cat":"","_seopress_titles_title":"","_seopress_titles_desc":"","_seopress_robots_index":"","footnotes":""},"categories":[1],"tags":[],"class_list":["post-24638","post","type-post","status-publish","format-standard","has-post-thumbnail","hentry","category-ultimas-noticias"],"_links":{"self":[{"href":"https:\/\/mussicom.com\/noticias\/wp-json\/wp\/v2\/posts\/24638","targetHints":{"allow":["GET"]}}],"collection":[{"href":"https:\/\/mussicom.com\/noticias\/wp-json\/wp\/v2\/posts"}],"about":[{"href":"https:\/\/mussicom.com\/noticias\/wp-json\/wp\/v2\/types\/post"}],"author":[{"embeddable":true,"href":"https:\/\/mussicom.com\/noticias\/wp-json\/wp\/v2\/users\/5"}],"replies":[{"embeddable":true,"href":"https:\/\/mussicom.com\/noticias\/wp-json\/wp\/v2\/comments?post=24638"}],"version-history":[{"count":0,"href":"https:\/\/mussicom.com\/noticias\/wp-json\/wp\/v2\/posts\/24638\/revisions"}],"wp:featuredmedia":[{"embeddable":true,"href":"https:\/\/mussicom.com\/noticias\/wp-json\/wp\/v2\/media\/24639"}],"wp:attachment":[{"href":"https:\/\/mussicom.com\/noticias\/wp-json\/wp\/v2\/media?parent=24638"}],"wp:term":[{"taxonomy":"category","embeddable":true,"href":"https:\/\/mussicom.com\/noticias\/wp-json\/wp\/v2\/categories?post=24638"},{"taxonomy":"post_tag","embeddable":true,"href":"https:\/\/mussicom.com\/noticias\/wp-json\/wp\/v2\/tags?post=24638"}],"curies":[{"name":"wp","href":"https:\/\/api.w.org\/{rel}","templated":true}]}}