{"id":24632,"date":"2025-06-03T04:28:23","date_gmt":"2025-06-03T07:28:23","guid":{"rendered":"https:\/\/mussicom.com\/maior-vulcao-ativo-da-europa-etna-entra-em-erupcao\/"},"modified":"2025-06-03T04:28:23","modified_gmt":"2025-06-03T07:28:23","slug":"maior-vulcao-ativo-da-europa-etna-entra-em-erupcao","status":"publish","type":"post","link":"https:\/\/mussicom.com\/noticias\/maior-vulcao-ativo-da-europa-etna-entra-em-erupcao\/","title":{"rendered":"Maior vulc\u00e3o ativo da Europa, Etna entra em erup\u00e7\u00e3o"},"content":{"rendered":"<p> <br \/>\n<\/p>\n<div>\n<p class=\"postParagraph_post-paragraph__juWZN\">O Monte Etna, o maior vulc\u00e3o ativo da placa europeia e localizado na ilha da Sic\u00edlia, no sul da It\u00e1lia, entrou em erup\u00e7\u00e3o novamente com explos\u00f5es poderosas, uma alta coluna de fuma\u00e7a e um fluxo pirocl\u00e1stico em sua encosta sudeste.<\/p>\n<p class=\"postParagraph_post-paragraph__juWZN\">As autoridades asseguram que a erup\u00e7\u00e3o n\u00e3o representa perigo para a popula\u00e7\u00e3o, j\u00e1 que n\u00e3o ultrapassou um vale a 2,8 mil metros de altitude.<\/p>\n<p class=\"postParagraph_post-paragraph__juWZN\">O Instituto Nacional de Geof\u00edsica e Vulcanologia (INGV) est\u00e1 monitorando a situa\u00e7\u00e3o e, em seu \u00faltimo boletim, confirmou a presen\u00e7a de fluxos pirocl\u00e1sticos, fluxos de lava e gases em movimento ao n\u00edvel do solo, utilizando suas c\u00e2meras t\u00e9rmicas.<\/p>\n<p class=\"postParagraph_post-paragraph__juWZN\">O fluxo, explica o observat\u00f3rio, foi provavelmente causado pelo colapso de parte da cratera sudeste, mas \u201co material quente\u201d \u201cn\u00e3o parece ter ultrapassado\u201d o Vale do Le\u00e3o, que os excursionistas costumam atravessar em sua subida ao Etna.<\/p>\n<p class=\"postParagraph_post-paragraph__juWZN\">A primeira notifica\u00e7\u00e3o do INGV chegou \u00e0s 2h39 (hora local, 21h39 de domingo no hor\u00e1rio de Bras\u00edlia), quando avisou para \u201cuma repentina mudan\u00e7a de par\u00e2metros\u201d a uma altitude de 2,8 mil metros neste enorme e muito ativo vulc\u00e3o siciliano.<\/p>\n<p class=\"postParagraph_post-paragraph__juWZN\">Em seguida, observou-se atividade do tipo \u201cestromboliano\u201d \u2014 explosiva, mas liberando energia \u201cmodesta\u201d \u2014 na cratera sudeste, bem como \u201cum aumento gradual\u201d dos tremores.<\/p>\n<p class=\"postParagraph_post-paragraph__juWZN\">Em seu \u00faltimo relat\u00f3rio, o INGV relata que a atividade explosiva na cratera sudeste levou a erup\u00e7\u00f5es de lava e que os tremores vulc\u00e2nicos atingiram \u201cn\u00edveis muito altos\u201d.<\/p>\n<p class=\"postParagraph_post-paragraph__juWZN\">Esta erup\u00e7\u00e3o do imponente Etna p\u00f4de ser claramente observada da cidade vizinha de Cat\u00e2nia, que, no entanto, mant\u00e9m seu aeroporto em opera\u00e7\u00e3o.<\/p>\n<p class=\"postParagraph_post-paragraph__juWZN\">O presidente da Sic\u00edlia, Renato Schifani, descartou por enquanto qualquer perigo para a popula\u00e7\u00e3o, de acordo com informa\u00e7\u00f5es recebidas da Defesa Civil.<\/p>\n<p class=\"postParagraph_post-paragraph__juWZN\">\u201cDe acordo com os dados iniciais, o material n\u00e3o atingiu a borda do Vale do Le\u00e3o e, como me garantiram, n\u00e3o h\u00e1 perigo para a popula\u00e7\u00e3o\u201d, afirmou.<\/p>\n<p class=\"postParagraph_post-paragraph__juWZN\">No entanto, o chefe da Defesa Civil da Sic\u00edlia, Salvo Cocina, reiterou \u201ca m\u00e1xima preocupa\u00e7\u00e3o\u201d com os excursionistas e pediu que \u201cevitem a \u00e1rea no topo do vulc\u00e3o\u201d ao menos at\u00e9 novo aviso, devido \u00e0 \u201cpotencial evolu\u00e7\u00e3o do fen\u00f4meno\u201d, afirmou.<\/p>\n<\/div>\n<p><br \/>\n<br \/>Fonte: <a href=\"https:\/\/www.gazetadopovo.com.br\/mundo\/maior-vulcao-ativo-da-europa-etna-entra-em-erupcao\/\">Revista Oeste<\/a><\/p>\n","protected":false},"excerpt":{"rendered":"<p>O Monte Etna, o maior vulc\u00e3o ativo da placa europeia e localizado na ilha da Sic\u00edlia, no sul da It\u00e1lia, entrou em erup\u00e7\u00e3o novamente com explos\u00f5es poderosas, uma alta coluna de fuma\u00e7a e um fluxo pirocl\u00e1stico em sua encosta sudeste. As autoridades asseguram que a erup\u00e7\u00e3o n\u00e3o representa perigo para a popula\u00e7\u00e3o, j\u00e1 que n\u00e3o [&hellip;]<\/p>\n","protected":false},"author":5,"featured_media":24633,"comment_status":"open","ping_status":"open","sticky":false,"template":"","format":"standard","meta":{"_seopress_robots_primary_cat":"","_seopress_titles_title":"","_seopress_titles_desc":"","_seopress_robots_index":"","footnotes":""},"categories":[1],"tags":[],"class_list":["post-24632","post","type-post","status-publish","format-standard","has-post-thumbnail","hentry","category-ultimas-noticias"],"_links":{"self":[{"href":"https:\/\/mussicom.com\/noticias\/wp-json\/wp\/v2\/posts\/24632","targetHints":{"allow":["GET"]}}],"collection":[{"href":"https:\/\/mussicom.com\/noticias\/wp-json\/wp\/v2\/posts"}],"about":[{"href":"https:\/\/mussicom.com\/noticias\/wp-json\/wp\/v2\/types\/post"}],"author":[{"embeddable":true,"href":"https:\/\/mussicom.com\/noticias\/wp-json\/wp\/v2\/users\/5"}],"replies":[{"embeddable":true,"href":"https:\/\/mussicom.com\/noticias\/wp-json\/wp\/v2\/comments?post=24632"}],"version-history":[{"count":0,"href":"https:\/\/mussicom.com\/noticias\/wp-json\/wp\/v2\/posts\/24632\/revisions"}],"wp:featuredmedia":[{"embeddable":true,"href":"https:\/\/mussicom.com\/noticias\/wp-json\/wp\/v2\/media\/24633"}],"wp:attachment":[{"href":"https:\/\/mussicom.com\/noticias\/wp-json\/wp\/v2\/media?parent=24632"}],"wp:term":[{"taxonomy":"category","embeddable":true,"href":"https:\/\/mussicom.com\/noticias\/wp-json\/wp\/v2\/categories?post=24632"},{"taxonomy":"post_tag","embeddable":true,"href":"https:\/\/mussicom.com\/noticias\/wp-json\/wp\/v2\/tags?post=24632"}],"curies":[{"name":"wp","href":"https:\/\/api.w.org\/{rel}","templated":true}]}}