{"id":24626,"date":"2025-06-03T03:53:03","date_gmt":"2025-06-03T06:53:03","guid":{"rendered":"https:\/\/mussicom.com\/joe-rogan-gera-polemica-ao-receber-bono-em-seu-podcast\/"},"modified":"2025-06-03T03:53:03","modified_gmt":"2025-06-03T06:53:03","slug":"joe-rogan-gera-polemica-ao-receber-bono-em-seu-podcast","status":"publish","type":"post","link":"https:\/\/mussicom.com\/noticias\/joe-rogan-gera-polemica-ao-receber-bono-em-seu-podcast\/","title":{"rendered":"Joe Rogan gera pol\u00eamica ao receber Bono em seu podcast"},"content":{"rendered":"<p> <br \/>\n<\/p>\n<div>\n<p data-end=\"802\" data-start=\"349\">Conhecido por atrair convidados controversos, <strong>Joe Rogan<\/strong> enfrentou uma onda de rejei\u00e7\u00e3o de seus pr\u00f3prios f\u00e3s ao entrevistar <strong>Bono<\/strong> no epis\u00f3dio mais recente de seu podcast. A presen\u00e7a do vocalista do <strong>U2<\/strong> no <strong><em data-end=\"590\" data-start=\"564\">The Joe Rogan Experience<\/em><\/strong>, divulgado na \u00faltima sexta (23), foi rapidamente alvo de rea\u00e7\u00f5es negativas nas redes sociais e no <em>YouTube<\/em>. Coment\u00e1rios variavam de \u201cningu\u00e9m queria esse epis\u00f3dio\u201d a acusa\u00e7\u00f5es de que <strong>Bono<\/strong> seria \u201cmal intencionado\u201d.<\/p>\n<p data-end=\"1114\" data-start=\"804\">Durante a conversa, o m\u00fasico irland\u00eas criticou os cortes em programas de ajuda internacional promovidos pelo governo dos EUA, citando estudos que apontam impactos graves \u2014 tema que irritou at\u00e9 <strong>Elon Musk<\/strong>, que respondeu no <em>X<\/em> (antigo <em>Twitter<\/em>) chamando <strong>Bono<\/strong> de \u201cmentiroso\/idiota\u201d e negando os dados apresentados.<\/p>\n<p data-end=\"1496\" data-start=\"1116\"><strong>Bono<\/strong> tamb\u00e9m abordou o que considera uma falha do governo americano em honrar seus pr\u00f3prios ideais fundadores, mencionando diretamente o secret\u00e1rio de Estado <strong>Marco Rubio<\/strong>. O artista ainda defendeu <strong>Bruce Springsteen<\/strong> em sua recente disputa p\u00fablica com <strong>Donald Trump<\/strong>, e relembrou a honra de ter recebido a <em>Medalha Presidencial da Liberdade<\/em>, em janeiro, das m\u00e3os do ex-presidente <strong>Joe Biden<\/strong>.<\/p>\n<p data-end=\"1650\" data-is-last-node=\"\" data-is-only-node=\"\" data-start=\"1498\">Apesar da pol\u00eamica, <strong>Rogan<\/strong> seguiu defendendo a abertura do \u201cmercado de ideias\u201d \u2014 conceito que, desta vez, parece n\u00e3o ter convencido parte de seu p\u00fablico.<\/p>\n<p data-end=\"1650\" data-is-last-node=\"\" data-is-only-node=\"\" data-start=\"1498\">Confira o epis\u00f3dio do podcast abaixo:<\/p>\n<p><iframe title=\"Joe Rogan Experience #2330 - Bono\" width=\"800\" height=\"450\" src=\"https:\/\/www.youtube.com\/embed\/qe64ayAbDjM?feature=oembed\" frameborder=\"0\" allow=\"accelerometer; autoplay; clipboard-write; encrypted-media; gyroscope; picture-in-picture; web-share\" referrerpolicy=\"strict-origin-when-cross-origin\" allowfullscreen><\/iframe><\/p>\n<p data-end=\"1650\" data-is-last-node=\"\" data-is-only-node=\"\" data-start=\"1498\"><strong>+++ LEIA MAIS: Bono apoia Bruce Springsteen em pol\u00eamica com Trump: \u2018S\u00f3 existe um chefe na Am\u00e9rica\u2019<\/strong><\/p>\n<p data-end=\"1650\" data-is-last-node=\"\" data-is-only-node=\"\" data-start=\"1498\"><strong>+++ LEIA MAIS: \u00c9 falso que Bono participou das elei\u00e7\u00f5es dos EUA em 2024<\/strong><\/p>\n<p data-end=\"1650\" data-is-last-node=\"\" data-is-only-node=\"\" data-start=\"1498\"><strong>+++ LEIA MAIS: Bono explica por que abandonou o nome \u201cBono Vox\u201d<\/strong><\/p>\n<p data-end=\"1650\" data-is-last-node=\"\" data-is-only-node=\"\" data-start=\"1498\"><strong>+++ LEIA MAIS: A banda que serve de modelo para o U2, segundo Bono<\/strong><\/p>\n<p data-end=\"1650\" data-is-last-node=\"\" data-is-only-node=\"\" data-start=\"1498\"><strong>+++ LEIA MAIS: Bono compartilha hist\u00f3rias em trailer de novo document\u00e1rio; assista<\/strong><\/p>\n<\/div>\n<p><br \/>\n<br \/>Fonte: <a href=\"https:\/\/rollingstone.com.br\/musica\/joe-rogan-gera-polemica-ao-receber-bono-em-seu-podcast\/\">rollingstone.com.br<\/a><\/p>\n","protected":false},"excerpt":{"rendered":"<p>Conhecido por atrair convidados controversos, Joe Rogan enfrentou uma onda de rejei\u00e7\u00e3o de seus pr\u00f3prios f\u00e3s ao entrevistar Bono no epis\u00f3dio mais recente de seu podcast. A presen\u00e7a do vocalista do U2 no The Joe Rogan Experience, divulgado na \u00faltima sexta (23), foi rapidamente alvo de rea\u00e7\u00f5es negativas nas redes sociais e no YouTube. Coment\u00e1rios [&hellip;]<\/p>\n","protected":false},"author":5,"featured_media":24627,"comment_status":"open","ping_status":"open","sticky":false,"template":"","format":"standard","meta":{"_seopress_robots_primary_cat":"","_seopress_titles_title":"","_seopress_titles_desc":"","_seopress_robots_index":"","footnotes":""},"categories":[51],"tags":[],"class_list":["post-24626","post","type-post","status-publish","format-standard","has-post-thumbnail","hentry","category-musica"],"_links":{"self":[{"href":"https:\/\/mussicom.com\/noticias\/wp-json\/wp\/v2\/posts\/24626","targetHints":{"allow":["GET"]}}],"collection":[{"href":"https:\/\/mussicom.com\/noticias\/wp-json\/wp\/v2\/posts"}],"about":[{"href":"https:\/\/mussicom.com\/noticias\/wp-json\/wp\/v2\/types\/post"}],"author":[{"embeddable":true,"href":"https:\/\/mussicom.com\/noticias\/wp-json\/wp\/v2\/users\/5"}],"replies":[{"embeddable":true,"href":"https:\/\/mussicom.com\/noticias\/wp-json\/wp\/v2\/comments?post=24626"}],"version-history":[{"count":0,"href":"https:\/\/mussicom.com\/noticias\/wp-json\/wp\/v2\/posts\/24626\/revisions"}],"wp:featuredmedia":[{"embeddable":true,"href":"https:\/\/mussicom.com\/noticias\/wp-json\/wp\/v2\/media\/24627"}],"wp:attachment":[{"href":"https:\/\/mussicom.com\/noticias\/wp-json\/wp\/v2\/media?parent=24626"}],"wp:term":[{"taxonomy":"category","embeddable":true,"href":"https:\/\/mussicom.com\/noticias\/wp-json\/wp\/v2\/categories?post=24626"},{"taxonomy":"post_tag","embeddable":true,"href":"https:\/\/mussicom.com\/noticias\/wp-json\/wp\/v2\/tags?post=24626"}],"curies":[{"name":"wp","href":"https:\/\/api.w.org\/{rel}","templated":true}]}}