{"id":24606,"date":"2025-06-03T00:26:17","date_gmt":"2025-06-03T03:26:17","guid":{"rendered":"https:\/\/mussicom.com\/jhonson-decide-e-brasil-volta-a-derrotar-japao-em-amistoso\/"},"modified":"2025-06-03T00:26:17","modified_gmt":"2025-06-03T03:26:17","slug":"jhonson-decide-e-brasil-volta-a-derrotar-japao-em-amistoso","status":"publish","type":"post","link":"https:\/\/mussicom.com\/noticias\/jhonson-decide-e-brasil-volta-a-derrotar-japao-em-amistoso\/","title":{"rendered":"Jhonson decide e Brasil volta a derrotar Jap\u00e3o em amistoso"},"content":{"rendered":"<p> <br \/>\n<\/p>\n<div>\n<p>Em seu \u00faltimo compromisso antes de o t\u00e9cnico Arthur Elias realizar a convoca\u00e7\u00e3o para a Copa Am\u00e9rica, o Brasil derrotou o Jap\u00e3o por 2 a 1 em partida amistosa, na noite desta segunda-feira (2) no Est\u00e1dio Cicero de Souza Marques, em Bragan\u00e7a Paulista (SP). Este foi o segundo triunfo das brasileiras sobre as nip\u00f4nicas, ap\u00f3s o 3 a 1 da \u00faltima sexta-feira (30) na Neo Qu\u00edmica Arena.<img decoding=\"async\" src=\"https:\/\/agenciabrasil.ebc.com.br\/ebc.gif?id=1645178&amp;o=node\" style=\"width:1px; height:1px; display:inline;\"\/><\/p>\n<p>Com o objetivo de rodar a equipe, Arthur Elias optou por novas caras na equipe titular, entre elas a Rainha Marta, que come\u00e7ou uma partida pela sele\u00e7\u00e3o brasileira pela primeira vez desde a disputa dos \u00faltimos Jogos Ol\u00edmpicos (no primeiro amistoso com as japonesas, a camisa 10 do Brasil come\u00e7ou no banco).<\/p>\n<blockquote class=\"twitter-tweet\">\n<p dir=\"ltr\" lang=\"pt\" xml:lang=\"pt\">ELAS N\u00c3O CANSAM DE FAZER HIST\u00d3RIA! \ud83e\udd79\ud83e\udd79\ud83e\udd79\ud83e\udd79\ud83e\udd79\ud83e\udd79\ud83e\udd79\ud83e\udd79<\/p>\n<p>\ud83d\udcf8Livia Villas Boas \/ CBF <a href=\"https:\/\/t.co\/uZcG9cTWre\">pic.twitter.com\/uZcG9cTWre<\/a><\/p>\n<p>\u2014 Sele\u00e7\u00e3o Feminina de Futebol (@SelecaoFeminina) <a href=\"https:\/\/twitter.com\/SelecaoFeminina\/status\/1929704539881722173?ref_src=twsrc%5Etfw\">June 3, 2025<\/a><\/p><\/blockquote>\n<p>Apesar de contar com a lideran\u00e7a t\u00e9cnica de Marta, que chegou a finalizar aos 13 minutos com um chute forte, o Brasil n\u00e3o criou muito na etapa inicial diante de uma aplicada defesa do Jap\u00e3o.<\/p>\n<p>E, no retorno do intervalo, a sele\u00e7\u00e3o brasileira tomou um grande susto com menos de um minuto, quando a defesa cochilou e permitiu que Seike recebesse passe dentro da pequena \u00e1rea para apenas escorar para o fundo do gol.<\/p>\n<p>Por\u00e9m, a vantagem da sele\u00e7\u00e3o nip\u00f4nica durou pouco. Aos oito minutos Duda Sampaio cobrou escanteio e a bola acabou desviando em Ishikawa antes de morrer no fundo do gol defendido por Yamashita.<\/p>\n<blockquote class=\"twitter-tweet\">\n<p dir=\"ltr\" lang=\"pt\" xml:lang=\"pt\">ISSO \u00c9 BRASIL! \ud83c\udde7\ud83c\uddf7<\/p>\n<p>\ud83d\udcf8L\u00edvia Villas Boas \/ CBF <a href=\"https:\/\/t.co\/qU6yZteHy8\">pic.twitter.com\/qU6yZteHy8<\/a><\/p>\n<p>\u2014 Sele\u00e7\u00e3o Feminina de Futebol (@SelecaoFeminina) <a href=\"https:\/\/twitter.com\/SelecaoFeminina\/status\/1929705056242106441?ref_src=twsrc%5Etfw\">June 3, 2025<\/a><\/p><\/blockquote>\n<p>A partir da\u00ed as oportunidades foram aparecendo de lado a lado. Mas o Brasil contou com a for\u00e7a da nova gera\u00e7\u00e3o para sair com a vit\u00f3ria. Aos 33 minutos Kerolin puxou contra-ataque em velocidade e tocou em profundidade para Jhonson, que deu uma cavadinha para marcar o gol da vit\u00f3ria. O detalhe \u00e9 que a atacante de 19 anos, que entrou no lugar da Rainha Marta, fazia sua estreia na sele\u00e7\u00e3o principal.<\/p>\n<p>A sele\u00e7\u00e3o volta a entrar em a\u00e7\u00e3o agora no dia 27 de junho, quando disputa um amistoso com a Fran\u00e7a em Grenoble. A partida servir\u00e1 como teste para a Copa Am\u00e9rica, que ser\u00e1 disputada em julho no Equador.<\/p>\n<p>      <!-- Relacionada --><\/p>\n<p>            <!-- Relacionada -->\n    <\/div>\n<p><script async src=\"\/\/platform.twitter.com\/widgets.js\" charset=\"utf-8\"><\/script><br \/>\n<br \/><br \/>\n<br \/>Fonte: <a href=\"https:\/\/agenciabrasil.ebc.com.br\/esportes\/noticia\/2025-06\/jhonson-decide-e-brasil-volta-derrotar-japao-em-amistoso\">Ag\u00eancia Brasil<\/a><\/p>\n","protected":false},"excerpt":{"rendered":"<p>Em seu \u00faltimo compromisso antes de o t\u00e9cnico Arthur Elias realizar a convoca\u00e7\u00e3o para a Copa Am\u00e9rica, o Brasil derrotou o Jap\u00e3o por 2 a 1 em partida amistosa, na noite desta segunda-feira (2) no Est\u00e1dio Cicero de Souza Marques, em Bragan\u00e7a Paulista (SP). Este foi o segundo triunfo das brasileiras sobre as nip\u00f4nicas, ap\u00f3s [&hellip;]<\/p>\n","protected":false},"author":5,"featured_media":24607,"comment_status":"open","ping_status":"open","sticky":false,"template":"","format":"standard","meta":{"_seopress_robots_primary_cat":"","_seopress_titles_title":"","_seopress_titles_desc":"","_seopress_robots_index":"","footnotes":""},"categories":[40],"tags":[],"class_list":["post-24606","post","type-post","status-publish","format-standard","has-post-thumbnail","hentry","category-esportes"],"_links":{"self":[{"href":"https:\/\/mussicom.com\/noticias\/wp-json\/wp\/v2\/posts\/24606","targetHints":{"allow":["GET"]}}],"collection":[{"href":"https:\/\/mussicom.com\/noticias\/wp-json\/wp\/v2\/posts"}],"about":[{"href":"https:\/\/mussicom.com\/noticias\/wp-json\/wp\/v2\/types\/post"}],"author":[{"embeddable":true,"href":"https:\/\/mussicom.com\/noticias\/wp-json\/wp\/v2\/users\/5"}],"replies":[{"embeddable":true,"href":"https:\/\/mussicom.com\/noticias\/wp-json\/wp\/v2\/comments?post=24606"}],"version-history":[{"count":0,"href":"https:\/\/mussicom.com\/noticias\/wp-json\/wp\/v2\/posts\/24606\/revisions"}],"wp:featuredmedia":[{"embeddable":true,"href":"https:\/\/mussicom.com\/noticias\/wp-json\/wp\/v2\/media\/24607"}],"wp:attachment":[{"href":"https:\/\/mussicom.com\/noticias\/wp-json\/wp\/v2\/media?parent=24606"}],"wp:term":[{"taxonomy":"category","embeddable":true,"href":"https:\/\/mussicom.com\/noticias\/wp-json\/wp\/v2\/categories?post=24606"},{"taxonomy":"post_tag","embeddable":true,"href":"https:\/\/mussicom.com\/noticias\/wp-json\/wp\/v2\/tags?post=24606"}],"curies":[{"name":"wp","href":"https:\/\/api.w.org\/{rel}","templated":true}]}}