{"id":24594,"date":"2025-06-02T22:57:08","date_gmt":"2025-06-03T01:57:08","guid":{"rendered":"https:\/\/mussicom.com\/estao-abertas-as-inscricoes-para-o-iv-concurso-de-quadrilhas-2025-de-peruibe\/"},"modified":"2025-06-02T22:57:08","modified_gmt":"2025-06-03T01:57:08","slug":"estao-abertas-as-inscricoes-para-o-iv-concurso-de-quadrilhas-2025-de-peruibe","status":"publish","type":"post","link":"https:\/\/mussicom.com\/noticias\/estao-abertas-as-inscricoes-para-o-iv-concurso-de-quadrilhas-2025-de-peruibe\/","title":{"rendered":"Est\u00e3o abertas as inscri\u00e7\u00f5es para o IV Concurso de Quadrilhas 2025 de Peru\u00edbe"},"content":{"rendered":"<p> <br \/>\n<\/p>\n<div id=\"texto\">\n<p>O concurso ser\u00e1 realizado no dia 6 de julho, a partir das 18h, em local ainda a ser definido. A disputa promete reunir muita cor, anima\u00e7\u00e3o e tradi\u00e7\u00e3o em mais uma grande celebra\u00e7\u00e3o da cultura popular.<\/p>\n<p>\u00a0<\/p>\n<p><strong>As inscri\u00e7\u00f5es podem ser feitas em quatro categorias:<\/strong><\/p>\n<p><strong>Quadrilha Tradicional Mista<\/strong> (faixa et\u00e1ria livre)<\/p>\n<p><strong>Quadrilha Estilizada ou Tradicional Infantil<\/strong> (at\u00e9 12 anos)<\/p>\n<p><strong>Quadrilha Estilizada Mista<\/strong> (faixa et\u00e1ria livre)<\/p>\n<p><strong>Quadrilha Estilizada Mista \/ Projeto Social<\/strong> (faixa et\u00e1ria livre)<\/p>\n<p>\u00a0<\/p>\n<p>Durante o evento, os jurados ir\u00e3o avaliar os seguintes quesitos: figurino, anima\u00e7\u00e3o\/express\u00e3o, coreografia\/harmonia e originalidade. As tr\u00eas melhores quadrilhas de cada categoria ser\u00e3o premiadas.<\/p>\n<p>\u00a0<\/p>\n<p>Interessados podem acessar o edital completo e realizar a inscri\u00e7\u00e3o pelo formul\u00e1rio online:<\/p>\n<p>Clique aqui para se inscrever:\u00a0https:\/\/forms.gle\/HAoV9t3bhZtDDdu76<\/p>\n<p>\u00a0<\/p>\n<p><strong>Prepare o chap\u00e9u de palha, ensaie o &#8220;anarri\u00ea&#8221; e participe dessa grande festa!<\/strong><\/p>\n<\/p><\/div>\n<p><script async defer crossorigin=\"anonymous\" src=\"https:\/\/connect.facebook.net\/pt_BR\/sdk.js#xfbml=1&#038;version=v12.0&#038;appId=&#038;autoLogAppEvents=1\" nonce=\"ou0fI1lo\"><\/script><br \/>\n<br \/><br \/>\n<br \/>Fonte: <a href=\"https:\/\/www.bs9.com.br\/litoral\/estao-abertas-as-inscricoes-para-o-iv-concurso-de-quadrilhas-2025\/32165\/\">BS9<\/a><\/p>\n","protected":false},"excerpt":{"rendered":"<p>O concurso ser\u00e1 realizado no dia 6 de julho, a partir das 18h, em local ainda a ser definido. A disputa promete reunir muita cor, anima\u00e7\u00e3o e tradi\u00e7\u00e3o em mais uma grande celebra\u00e7\u00e3o da cultura popular. \u00a0 As inscri\u00e7\u00f5es podem ser feitas em quatro categorias: Quadrilha Tradicional Mista (faixa et\u00e1ria livre) Quadrilha Estilizada ou Tradicional [&hellip;]<\/p>\n","protected":false},"author":5,"featured_media":24595,"comment_status":"open","ping_status":"open","sticky":false,"template":"","format":"standard","meta":{"_seopress_robots_primary_cat":"","_seopress_titles_title":"","_seopress_titles_desc":"","_seopress_robots_index":"","footnotes":""},"categories":[52],"tags":[],"class_list":["post-24594","post","type-post","status-publish","format-standard","has-post-thumbnail","hentry","category-santoseregiao"],"_links":{"self":[{"href":"https:\/\/mussicom.com\/noticias\/wp-json\/wp\/v2\/posts\/24594","targetHints":{"allow":["GET"]}}],"collection":[{"href":"https:\/\/mussicom.com\/noticias\/wp-json\/wp\/v2\/posts"}],"about":[{"href":"https:\/\/mussicom.com\/noticias\/wp-json\/wp\/v2\/types\/post"}],"author":[{"embeddable":true,"href":"https:\/\/mussicom.com\/noticias\/wp-json\/wp\/v2\/users\/5"}],"replies":[{"embeddable":true,"href":"https:\/\/mussicom.com\/noticias\/wp-json\/wp\/v2\/comments?post=24594"}],"version-history":[{"count":0,"href":"https:\/\/mussicom.com\/noticias\/wp-json\/wp\/v2\/posts\/24594\/revisions"}],"wp:featuredmedia":[{"embeddable":true,"href":"https:\/\/mussicom.com\/noticias\/wp-json\/wp\/v2\/media\/24595"}],"wp:attachment":[{"href":"https:\/\/mussicom.com\/noticias\/wp-json\/wp\/v2\/media?parent=24594"}],"wp:term":[{"taxonomy":"category","embeddable":true,"href":"https:\/\/mussicom.com\/noticias\/wp-json\/wp\/v2\/categories?post=24594"},{"taxonomy":"post_tag","embeddable":true,"href":"https:\/\/mussicom.com\/noticias\/wp-json\/wp\/v2\/tags?post=24594"}],"curies":[{"name":"wp","href":"https:\/\/api.w.org\/{rel}","templated":true}]}}