{"id":24504,"date":"2025-06-02T12:47:16","date_gmt":"2025-06-02T15:47:16","guid":{"rendered":"https:\/\/mussicom.com\/cubatao-atualiza-pontos-de-coleta-de-eletronicos-e-pilhas-na-cidade\/"},"modified":"2025-06-02T12:47:16","modified_gmt":"2025-06-02T15:47:16","slug":"cubatao-atualiza-pontos-de-coleta-de-eletronicos-e-pilhas-na-cidade","status":"publish","type":"post","link":"https:\/\/mussicom.com\/noticias\/cubatao-atualiza-pontos-de-coleta-de-eletronicos-e-pilhas-na-cidade\/","title":{"rendered":"Cubat\u00e3o atualiza pontos de coleta de eletr\u00f4nicos e pilhas na cidade"},"content":{"rendered":"<p> <br \/>\n<\/p>\n<div id=\"texto\">\n<p>Visando \u00e0 conscientiza\u00e7\u00e3o da popula\u00e7\u00e3o sobre o descarte correto de res\u00edduos, a Prefeitura de Cubat\u00e3o informa que a Cidade conta com 9 pontos de coleta de pilhas, baterias e eletroeletr\u00f4nicos de pequeno e m\u00e9dio porte para realiza\u00e7\u00e3o da log\u00edstica reversa. Esses inserv\u00edveis, como celulares, r\u00e1dios, videogames, computadores, entre outros, n\u00e3o podem ser despejados no lixo comum.<\/p>\n<p>\u00a0<\/p>\n<p>A log\u00edstica reversa \u00e9 um processo que viabiliza o retorno de produtos e embalagens do consumidor final ao ponto de origem ou a um ponto de coleta adequado para o reaproveitamento, reciclagem ou descarte ambiental correto, ou seja, \u00e9 o caminho inverso da log\u00edstica tradicional, que leva os produtos do fabricante ao consumidor.\u00a0A log\u00edstica reversa \u00e9 um conceito essencial para a sustentabilidade, pois permite a redu\u00e7\u00e3o do impacto ambiental causado pelo descarte inadequado de res\u00edduos s\u00f3lidos, al\u00e9m de contribuir para a economia circular.<\/p>\n<p>\u00a0<\/p>\n<p>Confira os locais para entrega de pilhas, baterias e eletroeletr\u00f4nicos:\u00a0<\/p>\n<p>\u00a0<\/p>\n<p>Prefeitura Municipal de Cubat\u00e3o- Centro<br \/>&#13;<br \/>\n<strong>Endere\u00e7o:<\/strong>\u00a0Pra\u00e7a dos Emancipadores, s\/n\u00ba<\/p>\n<p>\u00a0<\/p>\n<p>Casas Bahia- Centro<br \/>&#13;<br \/>\n<strong>Endere\u00e7o<\/strong>: Av. Nove de Abril, 1995<\/p>\n<p>\u00a0<\/p>\n<p>Casas Pernambucanas- Centro<br \/>&#13;<br \/>\n<strong>Endere\u00e7o<\/strong>: Av. Nove de Abril, 2041<\/p>\n<p>\u00a0<\/p>\n<p>Droga Raia- Centro<br \/>&#13;<br \/>\n<strong>Endere\u00e7o:<\/strong>\u00a0Av. Nove de Abril, 2193<\/p>\n<p>\u00a0<\/p>\n<p>Drogaria S\u00e3o Paulo- Centro<br \/>&#13;<br \/>\n<strong>Endere\u00e7o:<\/strong>\u00a0Av. Nove de Abril, 2221<\/p>\n<p>\u00a0<\/p>\n<p>Droga Raia- Vila Nova<br \/>&#13;<br \/>\n<strong>Endere\u00e7o:<\/strong>\u00a0Pra\u00e7a Frei Dami\u00e3o, 296\u00a0<\/p>\n<p>\u00a0<\/p>\n<p>Mercado Extra- Jardim S\u00e3o Francisco<br \/>&#13;<br \/>\n<strong>Endere\u00e7o<\/strong>: Rua S\u00e3o Paulo, 370\u00a0<\/p>\n<p>\u00a0<\/p>\n<p>Supermercados Rede Krill- Vila Nova<br \/>&#13;<br \/>\n<strong>Endere\u00e7o<\/strong>: Av. Martins Fontes, 1101<\/p>\n<p>\u00a0<\/p>\n<p>Supermercados Rede Krill- Parque S\u00e3o Luiz<br \/>&#13;<br \/>\n<strong>Endere\u00e7o:<\/strong>\u00a0Av. Joaquim Jorge Peralta, 166\u00a0<\/p>\n<\/p><\/div>\n<p><script async defer crossorigin=\"anonymous\" src=\"https:\/\/connect.facebook.net\/pt_BR\/sdk.js#xfbml=1&#038;version=v12.0&#038;appId=&#038;autoLogAppEvents=1\" nonce=\"ou0fI1lo\"><\/script><br \/>\n<br \/><br \/>\n<br \/>Fonte: <a href=\"https:\/\/www.bs9.com.br\/litoral\/cubatao-atualiza-pontos-de-coleta-de-eletronicos-e-pilhas-na-cidade\/32136\/\">BS9<\/a><\/p>\n","protected":false},"excerpt":{"rendered":"<p>Visando \u00e0 conscientiza\u00e7\u00e3o da popula\u00e7\u00e3o sobre o descarte correto de res\u00edduos, a Prefeitura de Cubat\u00e3o informa que a Cidade conta com 9 pontos de coleta de pilhas, baterias e eletroeletr\u00f4nicos de pequeno e m\u00e9dio porte para realiza\u00e7\u00e3o da log\u00edstica reversa. Esses inserv\u00edveis, como celulares, r\u00e1dios, videogames, computadores, entre outros, n\u00e3o podem ser despejados no lixo [&hellip;]<\/p>\n","protected":false},"author":5,"featured_media":24505,"comment_status":"open","ping_status":"open","sticky":false,"template":"","format":"standard","meta":{"_seopress_robots_primary_cat":"","_seopress_titles_title":"","_seopress_titles_desc":"","_seopress_robots_index":"","footnotes":""},"categories":[52],"tags":[],"class_list":["post-24504","post","type-post","status-publish","format-standard","has-post-thumbnail","hentry","category-santoseregiao"],"_links":{"self":[{"href":"https:\/\/mussicom.com\/noticias\/wp-json\/wp\/v2\/posts\/24504","targetHints":{"allow":["GET"]}}],"collection":[{"href":"https:\/\/mussicom.com\/noticias\/wp-json\/wp\/v2\/posts"}],"about":[{"href":"https:\/\/mussicom.com\/noticias\/wp-json\/wp\/v2\/types\/post"}],"author":[{"embeddable":true,"href":"https:\/\/mussicom.com\/noticias\/wp-json\/wp\/v2\/users\/5"}],"replies":[{"embeddable":true,"href":"https:\/\/mussicom.com\/noticias\/wp-json\/wp\/v2\/comments?post=24504"}],"version-history":[{"count":0,"href":"https:\/\/mussicom.com\/noticias\/wp-json\/wp\/v2\/posts\/24504\/revisions"}],"wp:featuredmedia":[{"embeddable":true,"href":"https:\/\/mussicom.com\/noticias\/wp-json\/wp\/v2\/media\/24505"}],"wp:attachment":[{"href":"https:\/\/mussicom.com\/noticias\/wp-json\/wp\/v2\/media?parent=24504"}],"wp:term":[{"taxonomy":"category","embeddable":true,"href":"https:\/\/mussicom.com\/noticias\/wp-json\/wp\/v2\/categories?post=24504"},{"taxonomy":"post_tag","embeddable":true,"href":"https:\/\/mussicom.com\/noticias\/wp-json\/wp\/v2\/tags?post=24504"}],"curies":[{"name":"wp","href":"https:\/\/api.w.org\/{rel}","templated":true}]}}