{"id":24359,"date":"2025-06-01T05:15:13","date_gmt":"2025-06-01T08:15:13","guid":{"rendered":"https:\/\/mussicom.com\/musical-patrulha-canina-e-atracao-para-a-garotada-neste-domingo-1o-em-guaruja\/"},"modified":"2025-06-01T05:15:13","modified_gmt":"2025-06-01T08:15:13","slug":"musical-patrulha-canina-e-atracao-para-a-garotada-neste-domingo-1o-em-guaruja","status":"publish","type":"post","link":"https:\/\/mussicom.com\/noticias\/musical-patrulha-canina-e-atracao-para-a-garotada-neste-domingo-1o-em-guaruja\/","title":{"rendered":"Musical Patrulha Canina \u00e9 atra\u00e7\u00e3o para a garotada neste domingo (1\u00ba) em Guaruj\u00e1"},"content":{"rendered":"<p> <br \/>\n<\/p>\n<div id=\"texto\">\n<p>A garotada ir\u00e1 se divertir com os amados cachorrinhos da Patrulha Canina, neste domingo (1\u00ba), \u00e0s 16 horas, no Teatro Proc\u00f3pio Ferreira em um espet\u00e1culo musical, interativo, com muita anima\u00e7\u00e3o. A adapta\u00e7\u00e3o e dire\u00e7\u00e3o da pe\u00e7a s\u00e3o assinadas por Khamilahh Jelezoglo, com a dire\u00e7\u00e3o musical de JP Jelezoglo. O endere\u00e7o \u00e9 Av. Dom Pedro I, &#8211; Jardim Tejereba.<\/p>\n<p>\u00a0<\/p>\n<p><\/p>\n<p>\u00a0<\/p>\n<p>A trama do musical infantil Patrulha Canina se desenrola com o vil\u00e3o, prefeito Hundinger, sequestrando um a um os animais, os aprisionando em um canil escuro e sombrio, sem acesso \u00e0 \u00e1gua ou comida. A esperan\u00e7a reside em Ryder, Marshal e, principalmente, na participa\u00e7\u00e3o ativa da plateia infantil para resgatar os c\u00e3ezinhos.<\/p>\n<p>\u00a0<\/p>\n<p>O espet\u00e1culo tamb\u00e9m traz uma mensagem de conscientiza\u00e7\u00e3o. As crian\u00e7as aprender\u00e3o o valor da amizade e a import\u00e2ncia do cuidado com os animais, refor\u00e7ando que eles n\u00e3o s\u00e3o brinquedos, mas seres vivos que necessitam de carinho e aten\u00e7\u00e3o.<\/p>\n<p>\u00a0<\/p>\n<p><img decoding=\"async\" alt=\"\" src=\"https:\/\/cdn.bs9.com.br\/upload\/dn_arquivo\/2025\/05\/patrulha-canina-7.jpeg\" style=\"height:267px; width:200px\"\/><\/p>\n<p>\u00a0<\/p>\n<p>Os ingressos est\u00e3o dispon\u00edveis atrav\u00e9s do WhatsApp 13 98147-7425 ou pelo link https:\/\/www.bilheteriaexpress.com.br\/ingressos-para-patrulha-canina-teatro-municipal-procopio-ferreira-teatro-infantil-354945705233068.html, e \u00a0custam R$ 60,00 (inteira), R$ 30,00 (meia) e R$ 35,00 + 1 kg de alimento n\u00e3o perec\u00edvel (ingresso solid\u00e1rio).<\/p>\n<p>\u00a0<\/p>\n<p><strong>Os alimentos arrecadados ser\u00e3o destinados ao Fundo Social de Solidariedade de Guaruj\u00e1 (FSS).<\/strong><\/p>\n<\/p><\/div>\n<p><script async defer crossorigin=\"anonymous\" src=\"https:\/\/connect.facebook.net\/pt_BR\/sdk.js#xfbml=1&#038;version=v12.0&#038;appId=&#038;autoLogAppEvents=1\" nonce=\"ou0fI1lo\"><\/script><br \/>\n<br \/><br \/>\n<br \/>Fonte: <a href=\"https:\/\/www.bs9.com.br\/variedades\/musical-patrulha-canina-e-atracao-para-a-garotada-neste-domingo-1o\/32106\/\">BS9<\/a><\/p>\n","protected":false},"excerpt":{"rendered":"<p>A garotada ir\u00e1 se divertir com os amados cachorrinhos da Patrulha Canina, neste domingo (1\u00ba), \u00e0s 16 horas, no Teatro Proc\u00f3pio Ferreira em um espet\u00e1culo musical, interativo, com muita anima\u00e7\u00e3o. A adapta\u00e7\u00e3o e dire\u00e7\u00e3o da pe\u00e7a s\u00e3o assinadas por Khamilahh Jelezoglo, com a dire\u00e7\u00e3o musical de JP Jelezoglo. O endere\u00e7o \u00e9 Av. Dom Pedro I, [&hellip;]<\/p>\n","protected":false},"author":5,"featured_media":24360,"comment_status":"open","ping_status":"open","sticky":false,"template":"","format":"standard","meta":{"_seopress_robots_primary_cat":"","_seopress_titles_title":"","_seopress_titles_desc":"","_seopress_robots_index":"","footnotes":""},"categories":[52],"tags":[],"class_list":["post-24359","post","type-post","status-publish","format-standard","has-post-thumbnail","hentry","category-santoseregiao"],"_links":{"self":[{"href":"https:\/\/mussicom.com\/noticias\/wp-json\/wp\/v2\/posts\/24359","targetHints":{"allow":["GET"]}}],"collection":[{"href":"https:\/\/mussicom.com\/noticias\/wp-json\/wp\/v2\/posts"}],"about":[{"href":"https:\/\/mussicom.com\/noticias\/wp-json\/wp\/v2\/types\/post"}],"author":[{"embeddable":true,"href":"https:\/\/mussicom.com\/noticias\/wp-json\/wp\/v2\/users\/5"}],"replies":[{"embeddable":true,"href":"https:\/\/mussicom.com\/noticias\/wp-json\/wp\/v2\/comments?post=24359"}],"version-history":[{"count":0,"href":"https:\/\/mussicom.com\/noticias\/wp-json\/wp\/v2\/posts\/24359\/revisions"}],"wp:featuredmedia":[{"embeddable":true,"href":"https:\/\/mussicom.com\/noticias\/wp-json\/wp\/v2\/media\/24360"}],"wp:attachment":[{"href":"https:\/\/mussicom.com\/noticias\/wp-json\/wp\/v2\/media?parent=24359"}],"wp:term":[{"taxonomy":"category","embeddable":true,"href":"https:\/\/mussicom.com\/noticias\/wp-json\/wp\/v2\/categories?post=24359"},{"taxonomy":"post_tag","embeddable":true,"href":"https:\/\/mussicom.com\/noticias\/wp-json\/wp\/v2\/tags?post=24359"}],"curies":[{"name":"wp","href":"https:\/\/api.w.org\/{rel}","templated":true}]}}