{"id":24322,"date":"2025-05-31T21:07:21","date_gmt":"2025-06-01T00:07:21","guid":{"rendered":"https:\/\/mussicom.com\/ruas-e-pracas-de-lazer-leva-diversao-gratuita-em-guaratuba-neste-domingo-1\/"},"modified":"2025-05-31T21:07:21","modified_gmt":"2025-06-01T00:07:21","slug":"ruas-e-pracas-de-lazer-leva-diversao-gratuita-em-guaratuba-neste-domingo-1","status":"publish","type":"post","link":"https:\/\/mussicom.com\/noticias\/ruas-e-pracas-de-lazer-leva-diversao-gratuita-em-guaratuba-neste-domingo-1\/","title":{"rendered":"Ruas e Pra\u00e7as de Lazer leva divers\u00e3o gratuita em Guaratuba neste domingo (1)"},"content":{"rendered":"<p> <br \/>\n<\/p>\n<div id=\"texto\">\n<p>Atividades recreativas e brincadeiras s\u00e3o os destaques do Ruas e Pra\u00e7as de Lazer neste domingo (1), em Bertioga, no bairro Guaratuba, nas pra\u00e7as M e S. A programa\u00e7\u00e3o \u00e9 gratuita e aberta ao p\u00fablico, das 13h \u00e0s 18h.<\/p>\n<p>\u00a0<\/p>\n<p>Entre as atra\u00e7\u00f5es, est\u00e3o modalidades como tchoukball, t\u00eanis, badminton e futebol gol-caixote, al\u00e9m de brincadeiras tradicionais. O evento tamb\u00e9m contar\u00e1 com futebol de sab\u00e3o, cama el\u00e1stica e brinquedos infl\u00e1veis, garantindo divers\u00e3o para todas as idades. Recreadores especializados estar\u00e3o presentes para orientar as crian\u00e7as e garantir a divers\u00e3o de todos os participantes<\/p>\n<p>\u00a0<\/p>\n<p>Mais de 28 mil crian\u00e7as j\u00e1 participaram do projeto, que ocorre quinzenalmente em dois locais simultaneamente, totalizando cerca de 48 edi\u00e7\u00f5es por ano.<\/p>\n<p>\u00a0<\/p>\n<p>A a\u00e7\u00e3o \u00e9 uma iniciativa da Secretaria de Esportes e Lazer (SEL), com apoio da Associa\u00e7\u00e3o Recreativa Cultural e Esportiva (ARCE).<\/p>\n<\/p><\/div>\n<p><script async defer crossorigin=\"anonymous\" src=\"https:\/\/connect.facebook.net\/pt_BR\/sdk.js#xfbml=1&#038;version=v12.0&#038;appId=&#038;autoLogAppEvents=1\" nonce=\"ou0fI1lo\"><\/script><br \/>\n<br \/><br \/>\n<br \/>Fonte: <a href=\"https:\/\/www.bs9.com.br\/litoral\/ruas-e-pracas-de-lazer-leva-diversao-gratuita-em-guaratuba-neste\/32119\/\">BS9<\/a><\/p>\n","protected":false},"excerpt":{"rendered":"<p>Atividades recreativas e brincadeiras s\u00e3o os destaques do Ruas e Pra\u00e7as de Lazer neste domingo (1), em Bertioga, no bairro Guaratuba, nas pra\u00e7as M e S. A programa\u00e7\u00e3o \u00e9 gratuita e aberta ao p\u00fablico, das 13h \u00e0s 18h. \u00a0 Entre as atra\u00e7\u00f5es, est\u00e3o modalidades como tchoukball, t\u00eanis, badminton e futebol gol-caixote, al\u00e9m de brincadeiras tradicionais. [&hellip;]<\/p>\n","protected":false},"author":5,"featured_media":24323,"comment_status":"open","ping_status":"open","sticky":false,"template":"","format":"standard","meta":{"_seopress_robots_primary_cat":"","_seopress_titles_title":"","_seopress_titles_desc":"","_seopress_robots_index":"","footnotes":""},"categories":[52],"tags":[],"class_list":["post-24322","post","type-post","status-publish","format-standard","has-post-thumbnail","hentry","category-santoseregiao"],"_links":{"self":[{"href":"https:\/\/mussicom.com\/noticias\/wp-json\/wp\/v2\/posts\/24322","targetHints":{"allow":["GET"]}}],"collection":[{"href":"https:\/\/mussicom.com\/noticias\/wp-json\/wp\/v2\/posts"}],"about":[{"href":"https:\/\/mussicom.com\/noticias\/wp-json\/wp\/v2\/types\/post"}],"author":[{"embeddable":true,"href":"https:\/\/mussicom.com\/noticias\/wp-json\/wp\/v2\/users\/5"}],"replies":[{"embeddable":true,"href":"https:\/\/mussicom.com\/noticias\/wp-json\/wp\/v2\/comments?post=24322"}],"version-history":[{"count":0,"href":"https:\/\/mussicom.com\/noticias\/wp-json\/wp\/v2\/posts\/24322\/revisions"}],"wp:featuredmedia":[{"embeddable":true,"href":"https:\/\/mussicom.com\/noticias\/wp-json\/wp\/v2\/media\/24323"}],"wp:attachment":[{"href":"https:\/\/mussicom.com\/noticias\/wp-json\/wp\/v2\/media?parent=24322"}],"wp:term":[{"taxonomy":"category","embeddable":true,"href":"https:\/\/mussicom.com\/noticias\/wp-json\/wp\/v2\/categories?post=24322"},{"taxonomy":"post_tag","embeddable":true,"href":"https:\/\/mussicom.com\/noticias\/wp-json\/wp\/v2\/tags?post=24322"}],"curies":[{"name":"wp","href":"https:\/\/api.w.org\/{rel}","templated":true}]}}