{"id":24290,"date":"2025-05-31T16:43:41","date_gmt":"2025-05-31T19:43:41","guid":{"rendered":"https:\/\/mussicom.com\/conferencia-debate-igualdade-racial-em-santos\/"},"modified":"2025-05-31T16:43:41","modified_gmt":"2025-05-31T19:43:41","slug":"conferencia-debate-igualdade-racial-em-santos","status":"publish","type":"post","link":"https:\/\/mussicom.com\/noticias\/conferencia-debate-igualdade-racial-em-santos\/","title":{"rendered":"Confer\u00eancia debate igualdade racial em Santos"},"content":{"rendered":"<p> <br \/>\n<\/p>\n<div><\/p>\n<div>Santos debate combate ao racismo e a\u00e7\u00f5es afirmativas na 5\u00aa Confer\u00eancia Municipal de Promo\u00e7\u00e3o da Igualdade Racial.<\/div>\n<\/div>\n<p><br \/>\n<br \/>Fonte: <a href=\"https:\/\/jornaldaorla.com.br\/noticias\/conferencia-debate-igualdade-racial-em-santos\/\">Jornal Da Orla<\/a><\/p>\n","protected":false},"excerpt":{"rendered":"<p>Santos debate combate ao racismo e a\u00e7\u00f5es afirmativas na 5\u00aa Confer\u00eancia Municipal de Promo\u00e7\u00e3o da Igualdade Racial. Fonte: Jornal Da Orla<\/p>\n","protected":false},"author":5,"featured_media":24291,"comment_status":"open","ping_status":"open","sticky":false,"template":"","format":"standard","meta":{"_seopress_robots_primary_cat":"","_seopress_titles_title":"","_seopress_titles_desc":"","_seopress_robots_index":"","footnotes":""},"categories":[52],"tags":[],"class_list":["post-24290","post","type-post","status-publish","format-standard","has-post-thumbnail","hentry","category-santoseregiao"],"_links":{"self":[{"href":"https:\/\/mussicom.com\/noticias\/wp-json\/wp\/v2\/posts\/24290","targetHints":{"allow":["GET"]}}],"collection":[{"href":"https:\/\/mussicom.com\/noticias\/wp-json\/wp\/v2\/posts"}],"about":[{"href":"https:\/\/mussicom.com\/noticias\/wp-json\/wp\/v2\/types\/post"}],"author":[{"embeddable":true,"href":"https:\/\/mussicom.com\/noticias\/wp-json\/wp\/v2\/users\/5"}],"replies":[{"embeddable":true,"href":"https:\/\/mussicom.com\/noticias\/wp-json\/wp\/v2\/comments?post=24290"}],"version-history":[{"count":0,"href":"https:\/\/mussicom.com\/noticias\/wp-json\/wp\/v2\/posts\/24290\/revisions"}],"wp:featuredmedia":[{"embeddable":true,"href":"https:\/\/mussicom.com\/noticias\/wp-json\/wp\/v2\/media\/24291"}],"wp:attachment":[{"href":"https:\/\/mussicom.com\/noticias\/wp-json\/wp\/v2\/media?parent=24290"}],"wp:term":[{"taxonomy":"category","embeddable":true,"href":"https:\/\/mussicom.com\/noticias\/wp-json\/wp\/v2\/categories?post=24290"},{"taxonomy":"post_tag","embeddable":true,"href":"https:\/\/mussicom.com\/noticias\/wp-json\/wp\/v2\/tags?post=24290"}],"curies":[{"name":"wp","href":"https:\/\/api.w.org\/{rel}","templated":true}]}}