{"id":24288,"date":"2025-05-31T16:25:10","date_gmt":"2025-05-31T19:25:10","guid":{"rendered":"https:\/\/mussicom.com\/plinio-valerio-ongs-mandam-no-brasil\/"},"modified":"2025-05-31T16:25:10","modified_gmt":"2025-05-31T19:25:10","slug":"plinio-valerio-ongs-mandam-no-brasil","status":"publish","type":"post","link":"https:\/\/mussicom.com\/noticias\/plinio-valerio-ongs-mandam-no-brasil\/","title":{"rendered":"Pl\u00ednio Val\u00e9rio: ONGs mandam no Brasil"},"content":{"rendered":"<p> <br \/>\n<\/p>\n<div>\n<p class=\"postParagraph_post-paragraph-innerHtml__Q5vwc\">Ap\u00f3s embate com a ministra do Meio Ambiente, Marina Silva, o senador Pl\u00ednio Val\u00e9rio (PSDB-AM) conversou com a coluna<strong> Entrelinhas<\/strong> sobre temas que considera centrais para o debate p\u00fablico nacional, como o papel das ONGs na Amaz\u00f4nia, as amea\u00e7as \u00e0 liberdade de express\u00e3o no Brasil, a crescente influ\u00eancia da China e a crise institucional entre os poderes. Sem meias palavras, o senador criticou o que chama de &#8220;lacra\u00e7\u00e3o ideol\u00f3gica&#8221; e defendeu posi\u00e7\u00f5es que v\u00eam ganhando resson\u00e2ncia entre parte da sociedade brasileira.<\/p>\n<p class=\"postParagraph_post-paragraph__juWZN\">Nesta entrevista, o parlamentar amazonense explica suas posi\u00e7\u00f5es, comenta epis\u00f3dios recentes de confronto pol\u00edtico e fala sobre o cen\u00e1rio eleitoral de 2026, sem fugir de temas pol\u00eamicos como a anistia, a atua\u00e7\u00e3o do Supremo Tribunal Federal (STF) e a possibilidade de impeachment de ministros.<\/p>\n<p class=\"postParagraph_post-paragraph-innerHtml__Q5vwc\"><strong><em>Entrelinhas:<\/em> O epis\u00f3dio com a ministra Marina Silva que gerou grande repercuss\u00e3o e levou a etiqueta de &#8220;machismo&#8221;. Qual sua an\u00e1lise sobre isso?<\/strong><\/p>\n<p class=\"postParagraph_post-paragraph-innerHtml__Q5vwc\"><em><strong>Senador Pl\u00ednio:<\/strong><\/em> Passei 6 horas e 10 minutos com ela na CPI das ONGs. Ela me provocou o tempo todo, e eu resisti, resisti. Ela me odeia por isso. Ela n\u00e3o tem argumentos, ent\u00e3o me ofende. Disse que \u201cpassei sem focar\u201d, no sentido de que me mantive respeitoso, sem ser mal-educado. E a\u00ed veio o mundo abaixo, com os lacradores de plant\u00e3o em canais de televis\u00e3o. Hoje em dia, se voc\u00ea discute com uma mulher, j\u00e1 dizem que \u00e9 machismo.<\/p>\n<p class=\"postParagraph_post-paragraph-innerHtml__Q5vwc\"><strong><em>Entrelinhas:<\/em> E o que exatamente o senhor queria dizer ali?<\/strong><\/p>\n<p class=\"postParagraph_post-paragraph-innerHtml__Q5vwc\"><strong><em>Senador Pl\u00ednio:<\/em> <\/strong>Eu quis separar a mulher da ministra. Ela interrompeu meu tempo, n\u00e3o deixou eu me apresentar. Eu falei com respeito \u00e0 mulher, mas a ministra perdeu o respeito quando debochou do povo de Manaus dizendo que \u201cn\u00e3o ia permitir 400 km de estrada para passear de carro\u201d. Passear j\u00e1 seria direito. E ainda me chamou de &#8220;psicopata&#8221;. J\u00e1 imaginou se eu chamasse uma mulher de &#8220;psicopata&#8221;?<\/p>\n<p class=\"postParagraph_post-paragraph-innerHtml__Q5vwc\"><strong><em>Entrelinhas:<\/em> Essa postura da ministra Marina Silva, segundo o senhor, reflete uma agenda global?<\/strong><\/p>\n<p class=\"postParagraph_post-paragraph-innerHtml__Q5vwc\"><em><strong>Senador Pl\u00ednio:<\/strong><\/em> Sim, ela traz uma agenda de fora, uma engenharia social global. Fala de pa\u00edses que vivem da biodiversidade, mas n\u00e3o consegue citar um. Mente, engana o p\u00fablico com dados que n\u00e3o se confirmam. Quando volta ao Brasil, traz propostas que n\u00e3o condizem com a realidade amaz\u00f4nica.<\/p>\n<p class=\"postParagraph_post-paragraph-innerHtml__Q5vwc\"><strong><em>Entrelinhas:<\/em> Sobre essa quest\u00e3o da Amaz\u00f4nia e das ONGs, o que o senhor constatou na CPI?<\/strong><\/p>\n<p class=\"postParagraph_post-paragraph-innerHtml__Q5vwc\"><strong><em>Senador Pl\u00ednio:<\/em> <\/strong>Investigamos seis ONGs, e juntas movimentaram 2 bilh\u00f5es e 100 milh\u00f5es de reais. S\u00f3 seis. Essas organiza\u00e7\u00f5es dominam tudo: Ibama, ICMBio, FUNAI, Minist\u00e9rio dos Povos Ind\u00edgenas, tudo capturado. O Lula, o Bolsonaro, nenhum deles mandou na pauta ambiental. Quem manda s\u00e3o os interesses estrangeiros, banqueiros, petroleiras, ONGs financiadas por Noruega, Alemanha, Holanda.<\/p>\n<p class=\"postParagraph_post-paragraph-innerHtml__Q5vwc\"><strong><em>Entrelinhas:<\/em> E como o senhor v\u00ea a aproxima\u00e7\u00e3o do governo brasileiro com a China?<\/strong><\/p>\n<p class=\"postParagraph_post-paragraph-innerHtml__Q5vwc\"><strong><em>Senador Pl\u00ednio:<\/em> <\/strong>Vejo com muita preocupa\u00e7\u00e3o. A venda da Mina de Pitinga, no Amazonas, para uma empresa chinesa foi feita sem passar pelo Congresso, o que \u00e9 ilegal. Est\u00e3o extraindo estanho, mas ali tem ur\u00e2nio, l\u00edtio, terras raras. Acreditar que os chineses v\u00e3o s\u00f3 separar o estanho \u00e9 acreditar em Papai Noel.<\/p>\n<p class=\"postParagraph_post-paragraph-innerHtml__Q5vwc\"><strong><em>Entrelinhas:<\/em> O senhor entrou com alguma medida contra essa venda da mina?<\/strong><\/p>\n<p class=\"postParagraph_post-paragraph-innerHtml__Q5vwc\"><em><strong>Senador Pl\u00ednio:<\/strong><\/em> Sim, entrei com mandado de seguran\u00e7a porque o Congresso tem que aprovar lotes de terras acima de 50 blocos. N\u00e3o foi feito. Meu direito foi desrespeitado, e estou tentando reverter isso na justi\u00e7a.<\/p>\n<p class=\"postParagraph_post-paragraph-innerHtml__Q5vwc\"><strong><em>Entrelinhas:<\/em>  Qual sua opini\u00e3o sobre uma recente fala da primeira-dama Janja, que  mencionou o modelo chin\u00eas de controle das redes sociais?<\/strong><\/p>\n<p class=\"postParagraph_post-paragraph-innerHtml__Q5vwc\"><strong><em>Senador Pl\u00ednio:<\/em> <\/strong>Isso \u00e9 inadmiss\u00edvel. Pedir que o ditador chin\u00eas mande algu\u00e9m regular as redes aqui \u00e9 escandaloso. \u00c9 censura. Estamos vendo um governo que simpatiza com o modelo autorit\u00e1rio da China. Isso amea\u00e7a nossa liberdade.<\/p>\n<p class=\"postParagraph_post-paragraph-innerHtml__Q5vwc\"><strong><em>Entrelinhas:<\/em> Recentemente falou-se da poss\u00edvel san\u00e7\u00e3o de autoridades brasileiras pelos Estados Unidos. Como o senhor v\u00ea essa situa\u00e7\u00e3o?<\/strong><\/p>\n<p class=\"postParagraph_post-paragraph-innerHtml__Q5vwc\"><strong><em>Senador Pl\u00ednio:<\/em><\/strong> Se aqui dentro ningu\u00e9m faz nada, que venha de fora. O ministro Moraes est\u00e1 sendo cobrado por ter censurado pessoas dentro dos EUA. Foi ele quem passou do limite.<\/p>\n<p class=\"postParagraph_post-paragraph-innerHtml__Q5vwc\"><strong><em>Entrelinhas:<\/em> E sobre a anistia dos presos do 8 de janeiro, o que o senhor pensa?<\/strong><\/p>\n<p class=\"postParagraph_post-paragraph-innerHtml__Q5vwc\"><strong><em>Senador Pl\u00ednio:<\/em> <\/strong>O Brasil tem tradi\u00e7\u00e3o de conceder anistia. Lula, FHC, Dilma, todos foram beneficiados. Quando chega a vez dos outros, n\u00e3o pode? Isso \u00e9 hipocrisia. O Congresso tem a compet\u00eancia para isso. O problema \u00e9 que o presidente da C\u00e2mara engaveta tudo.<\/p>\n<p class=\"postParagraph_post-paragraph-innerHtml__Q5vwc\"><strong><em>Entrelinhas:<\/em> O senhor v\u00ea responsabilidade do Senado nesse cen\u00e1rio?<\/strong><\/p>\n<p class=\"postParagraph_post-paragraph-innerHtml__Q5vwc\"><em><strong>Senador Pl\u00ednio:<\/strong><\/em> Sim. O Senado foi omisso. Eu denunciei desde 2019 que o boi estava for\u00e7ando a cerca. Se n\u00e3o tivesse impeachment de ministro, a tempestade viria. E veio. E o Senado se calou.<\/p>\n<p class=\"postParagraph_post-paragraph-innerHtml__Q5vwc\"><strong><em>Entrelinhas:<\/em> O senhor defende o impeachment de ministros do STF?<\/strong><\/p>\n<p class=\"postParagraph_post-paragraph-innerHtml__Q5vwc\"><strong><em>Senador Pl\u00ednio:<\/em> <\/strong>Defendo. Mas precisa de um Senado com coragem. Um Senado do tamanho que o Brasil precisa. Um Senado que fa\u00e7a valer sua independ\u00eancia.<\/p>\n<p class=\"postParagraph_post-paragraph-innerHtml__Q5vwc\"><strong><em>Entrelinhas:<\/em> O senhor ser\u00e1 candidato \u00e0 reelei\u00e7\u00e3o em 2026?<\/strong><\/p>\n<p class=\"postParagraph_post-paragraph-innerHtml__Q5vwc\"><em><strong>Senador Pl\u00ednio:<\/strong><\/em> Serei, e o Eduardo Braga tamb\u00e9m. Fala-se no governador Wilson Lima e no Capit\u00e3o Alberto Neto, do PL. A popula\u00e7\u00e3o precisa perguntar: \u201cO senhor \u00e9 a favor do impeachment de ministro?\u201d Se disser que \u00e9, verifique se \u00e9 sincero. Precisamos de senadores que enfrentem esse sistema.<\/p>\n<p class=\"postParagraph_post-paragraph-innerHtml__Q5vwc\"><strong><em>Entrelinhas:<\/em> Como o senhor define esse momento pol\u00edtico do Brasil?<\/strong><\/p>\n<p class=\"postParagraph_post-paragraph-innerHtml__Q5vwc\"><em><strong>Senador Pl\u00ednio:<\/strong><\/em> Vivemos uma ditadura do Judici\u00e1rio. O Legislativo est\u00e1 acuado. A m\u00eddia, capturada. E o povo sem voz. Mas a verdade \u00e9 que n\u00f3s, amaz\u00f4nidas, n\u00e3o vamos aceitar pagar os pecados ambientais do mundo. A luta continua. N\u00e3o \u00e9 f\u00e1cil, mas a gente segue gritando.<\/p>\n<\/div>\n<p><br \/>\n<br \/>Fonte: <a href=\"https:\/\/www.gazetadopovo.com.br\/vozes\/entrelinhas\/plinio-valerio-ongs-mandam-no-brasil\/\">Revista Oeste<\/a><\/p>\n","protected":false},"excerpt":{"rendered":"<p>Ap\u00f3s embate com a ministra do Meio Ambiente, Marina Silva, o senador Pl\u00ednio Val\u00e9rio (PSDB-AM) conversou com a coluna Entrelinhas sobre temas que considera centrais para o debate p\u00fablico nacional, como o papel das ONGs na Amaz\u00f4nia, as amea\u00e7as \u00e0 liberdade de express\u00e3o no Brasil, a crescente influ\u00eancia da China e a crise institucional entre [&hellip;]<\/p>\n","protected":false},"author":5,"featured_media":24289,"comment_status":"open","ping_status":"open","sticky":false,"template":"","format":"standard","meta":{"_seopress_robots_primary_cat":"","_seopress_titles_title":"","_seopress_titles_desc":"","_seopress_robots_index":"","footnotes":""},"categories":[1],"tags":[],"class_list":["post-24288","post","type-post","status-publish","format-standard","has-post-thumbnail","hentry","category-ultimas-noticias"],"_links":{"self":[{"href":"https:\/\/mussicom.com\/noticias\/wp-json\/wp\/v2\/posts\/24288","targetHints":{"allow":["GET"]}}],"collection":[{"href":"https:\/\/mussicom.com\/noticias\/wp-json\/wp\/v2\/posts"}],"about":[{"href":"https:\/\/mussicom.com\/noticias\/wp-json\/wp\/v2\/types\/post"}],"author":[{"embeddable":true,"href":"https:\/\/mussicom.com\/noticias\/wp-json\/wp\/v2\/users\/5"}],"replies":[{"embeddable":true,"href":"https:\/\/mussicom.com\/noticias\/wp-json\/wp\/v2\/comments?post=24288"}],"version-history":[{"count":0,"href":"https:\/\/mussicom.com\/noticias\/wp-json\/wp\/v2\/posts\/24288\/revisions"}],"wp:featuredmedia":[{"embeddable":true,"href":"https:\/\/mussicom.com\/noticias\/wp-json\/wp\/v2\/media\/24289"}],"wp:attachment":[{"href":"https:\/\/mussicom.com\/noticias\/wp-json\/wp\/v2\/media?parent=24288"}],"wp:term":[{"taxonomy":"category","embeddable":true,"href":"https:\/\/mussicom.com\/noticias\/wp-json\/wp\/v2\/categories?post=24288"},{"taxonomy":"post_tag","embeddable":true,"href":"https:\/\/mussicom.com\/noticias\/wp-json\/wp\/v2\/tags?post=24288"}],"curies":[{"name":"wp","href":"https:\/\/api.w.org\/{rel}","templated":true}]}}