{"id":24282,"date":"2025-05-31T15:46:04","date_gmt":"2025-05-31T18:46:04","guid":{"rendered":"https:\/\/mussicom.com\/caetano-veloso-fala-sobre-reacao-do-publico-a-louvor-em-turne-e-antecipa-novo-album-de-ineditas\/"},"modified":"2025-05-31T15:46:04","modified_gmt":"2025-05-31T18:46:04","slug":"caetano-veloso-fala-sobre-reacao-do-publico-a-louvor-em-turne-e-antecipa-novo-album-de-ineditas","status":"publish","type":"post","link":"https:\/\/mussicom.com\/noticias\/caetano-veloso-fala-sobre-reacao-do-publico-a-louvor-em-turne-e-antecipa-novo-album-de-ineditas\/","title":{"rendered":"Caetano Veloso fala sobre rea\u00e7\u00e3o do p\u00fablico a louvor em turn\u00ea e antecipa novo \u00e1lbum de in\u00e9ditas"},"content":{"rendered":"<p> <br \/>\n<\/p>\n<div>\n<p data-end=\"1032\" data-start=\"609\">Durante turn\u00ea por festivais brasileiros, <strong data-end=\"668\" data-start=\"650\">Caetano Veloso<\/strong> afirmou que est\u00e1 escrevendo novas can\u00e7\u00f5es e tem planos para um <strong data-end=\"753\" data-start=\"732\">\u00e1lbum de in\u00e9ditas<\/strong>, sucessor de <em data-end=\"777\" data-start=\"767\">Meu Coco<\/em> (2021). Em entrevista publicada neste s\u00e1bado, 31 de maio de 2025, pelo <em data-end=\"853\" data-start=\"849\">g1<\/em>, o artista tamb\u00e9m comentou a rea\u00e7\u00e3o do p\u00fablico ao incluir um louvor evang\u00e9lico nos shows com <strong data-end=\"969\" data-start=\"951\">Maria Beth\u00e2nia<\/strong>, e citou jovens artistas que influenciam sua produ\u00e7\u00e3o recente.<\/p>\n<blockquote class=\"citacao\" data-end=\"1143\" data-start=\"1036\"><p>\u201cTenho vontade de fazer can\u00e7\u00f5es que enfrentem a grande virada que o mundo est\u00e1 iniciando\u201d, afirmou Caetano (via <em>g1<\/em>).<\/p><\/blockquote>\n<p data-end=\"1060\" data-start=\"705\">Lan\u00e7ado em 2021, <em data-end=\"732\" data-start=\"722\">Meu Coco<\/em> se destacou pelas letras repletas de refer\u00eancias \u00e0 m\u00fasica contempor\u00e2nea, citando artistas como <strong data-end=\"840\" data-start=\"828\">Ferrugem<\/strong>, <strong data-end=\"859\" data-start=\"842\">Gloria Groove<\/strong>, <strong data-end=\"881\" data-start=\"861\">Mar\u00edlia Mendon\u00e7a<\/strong>, <strong data-end=\"893\" data-start=\"883\">Djonga<\/strong>, <strong data-end=\"911\" data-start=\"895\">MC Cabelinho<\/strong>e at\u00e9 <strong data-end=\"935\" data-start=\"918\">Billie Eilish<\/strong>. Agora, o novo \u00e1lbum deve dar continuidade a essa proposta, absorvendo outras linguagens, estilos e vozes da cena atual.<\/p>\n<p data-end=\"1325\" data-start=\"1145\">Entre as refer\u00eancias que t\u00eam guiado esse novo momento, ele citou nomes como <strong data-end=\"1232\" data-start=\"1221\">Jota.p\u00ea<\/strong>, <strong data-end=\"1254\" data-start=\"1234\">Dora Morelenbaum<\/strong>, <strong data-end=\"1269\" data-start=\"1256\">Z\u00e9 Ibarra<\/strong>, <strong data-end=\"1286\" data-start=\"1271\">Thiago Amud<\/strong>, <strong data-end=\"1304\" data-start=\"1288\">X\u00eania Fran\u00e7a<\/strong> e <strong data-end=\"1324\" data-start=\"1307\">Amaro Freitas<\/strong>.<\/p>\n<hr data-end=\"1330\" data-start=\"1327\"\/>\n<h2 data-end=\"1364\" data-start=\"1332\">Nova m\u00fasica e mensagem de paz<\/h2>\n<p data-end=\"1626\" data-start=\"1366\">A turn\u00ea com <strong data-end=\"1390\" data-start=\"1378\">Beth\u00e2nia<\/strong>, encerrada em mar\u00e7o, gerou o \u00e1lbum ao vivo <em data-end=\"1445\" data-start=\"1434\">CAE \u27f7 BTH<\/em>, com 33 faixas. Entre elas est\u00e1 a in\u00e9dita <em data-end=\"1501\" data-start=\"1488\">\u201cUm Baiana\u201d<\/em>, samba-reggae apresentado apenas nas \u00faltimas datas da turn\u00ea. A m\u00fasica cita a banda <strong data-end=\"1601\" data-start=\"1585\">BaianaSystem<\/strong> e tem car\u00e1ter de ora\u00e7\u00e3o.<\/p>\n<blockquote class=\"citacao\" data-end=\"1784\" data-start=\"1630\"><p>\u201cO mundo est\u00e1 em situa\u00e7\u00e3o que sugere terceira guerra mundial. Eu n\u00e3o queria terminar a turn\u00ea com Beth\u00e2nia sem que cant\u00e1ssemos uma can\u00e7\u00e3o orando pela paz.\u201d<\/p>\n<p>\u201cCito o BaianaSystem porque esse grupo arrasta milh\u00f5es na Bahia e faz com que a anima\u00e7\u00e3o n\u00e3o descambe para a viol\u00eancia.\u201d<\/p>\n<\/blockquote>\n<hr data-end=\"1913\" data-start=\"1910\"\/>\n<h2 data-end=\"1952\" data-start=\"1915\">\u201cRea\u00e7\u00e3o fria\u201d ao louvor evang\u00e9lico<\/h2>\n<p data-end=\"2190\" data-start=\"1954\">Um dos momentos mais comentados da turn\u00ea com Beth\u00e2nia foi a inclus\u00e3o da can\u00e7\u00e3o <em data-end=\"2054\" data-start=\"2033\">\u201cDeus Cuida de Mim\u201d<\/em>, composta pelo pastor <strong data-end=\"2093\" data-start=\"2077\">Kleber Lucas<\/strong>, com quem Caetano gravou uma vers\u00e3o em 2022. O cantor relatou que a recep\u00e7\u00e3o da plateia variava:<\/p>\n<blockquote class=\"citacao\" data-end=\"2437\" data-start=\"2194\"><p>\u201cSabia que plateias de shows meus com Beth\u00e2nia n\u00e3o seriam compostas de maiorias evang\u00e9licas. Percebia a rea\u00e7\u00e3o fria da maioria do p\u00fablico, mas me concentrava na can\u00e7\u00e3o. Mas via tamb\u00e9m poucas pessoas cantarem o louvor comigo, algumas chorando.\u201d<\/p><\/blockquote>\n<p data-end=\"2475\" data-start=\"2439\">Sobre o motivo da escolha, explicou: <span style=\"background-color: transparent;\">\u201cQuis chamar a aten\u00e7\u00e3o para a necessidade de consci\u00eancia da grandeza do fen\u00f4meno evang\u00e9lico na nossa sociedade.\u201d<\/span><\/p>\n<p data-end=\"2811\" data-start=\"2593\">Embora tenha sido criado em fam\u00edlia cat\u00f3lica, Caetano n\u00e3o se declara religioso. J\u00e1 afirmou ter sido \u201cantirreligioso\u201d na juventude, mas ao longo da carreira demonstrou abertura a diferentes vis\u00f5es e mudan\u00e7as de opini\u00e3o.<\/p>\n<hr data-end=\"2816\" data-start=\"2813\"\/>\n<h2 data-end=\"2841\" data-start=\"2818\">Planos para o futuro<\/h2>\n<p data-end=\"2963\" data-start=\"2843\">Em 2023, Caetano declarou o desejo de voltar a viver na Bahia e se apresentar apenas em seu estado natal. Hoje, pondera:<\/p>\n<blockquote class=\"citacao\" data-end=\"3095\" data-start=\"2967\"><p>\u201cAinda existe algo desse plano. Mas meus tr\u00eas filhos e meus tr\u00eas netos cresceram e vivem no Rio, assim fica dif\u00edcil sair daqui.\u201d<\/p><\/blockquote>\n<p data-end=\"3283\" data-start=\"3097\">Enquanto prepara novas composi\u00e7\u00f5es, o artista segue viajando com apresenta\u00e7\u00f5es solo e trabalha na constru\u00e7\u00e3o de um disco com foco nas mudan\u00e7as pol\u00edticas e sociais do mundo contempor\u00e2neo.<\/p>\n<\/div>\n<p><br \/>\n<br \/>Fonte: <a href=\"https:\/\/rollingstone.com.br\/noticia\/caetano-veloso-comenta-reacao-do-publico-a-louvor-em-turne-e-antecipa-novo-album-de-ineditas\/\">rollingstone.com.br<\/a><\/p>\n","protected":false},"excerpt":{"rendered":"<p>Durante turn\u00ea por festivais brasileiros, Caetano Veloso afirmou que est\u00e1 escrevendo novas can\u00e7\u00f5es e tem planos para um \u00e1lbum de in\u00e9ditas, sucessor de Meu Coco (2021). Em entrevista publicada neste s\u00e1bado, 31 de maio de 2025, pelo g1, o artista tamb\u00e9m comentou a rea\u00e7\u00e3o do p\u00fablico ao incluir um louvor evang\u00e9lico nos shows com Maria [&hellip;]<\/p>\n","protected":false},"author":5,"featured_media":24283,"comment_status":"open","ping_status":"open","sticky":false,"template":"","format":"standard","meta":{"_seopress_robots_primary_cat":"","_seopress_titles_title":"","_seopress_titles_desc":"","_seopress_robots_index":"","footnotes":""},"categories":[51],"tags":[],"class_list":["post-24282","post","type-post","status-publish","format-standard","has-post-thumbnail","hentry","category-musica"],"_links":{"self":[{"href":"https:\/\/mussicom.com\/noticias\/wp-json\/wp\/v2\/posts\/24282","targetHints":{"allow":["GET"]}}],"collection":[{"href":"https:\/\/mussicom.com\/noticias\/wp-json\/wp\/v2\/posts"}],"about":[{"href":"https:\/\/mussicom.com\/noticias\/wp-json\/wp\/v2\/types\/post"}],"author":[{"embeddable":true,"href":"https:\/\/mussicom.com\/noticias\/wp-json\/wp\/v2\/users\/5"}],"replies":[{"embeddable":true,"href":"https:\/\/mussicom.com\/noticias\/wp-json\/wp\/v2\/comments?post=24282"}],"version-history":[{"count":0,"href":"https:\/\/mussicom.com\/noticias\/wp-json\/wp\/v2\/posts\/24282\/revisions"}],"wp:featuredmedia":[{"embeddable":true,"href":"https:\/\/mussicom.com\/noticias\/wp-json\/wp\/v2\/media\/24283"}],"wp:attachment":[{"href":"https:\/\/mussicom.com\/noticias\/wp-json\/wp\/v2\/media?parent=24282"}],"wp:term":[{"taxonomy":"category","embeddable":true,"href":"https:\/\/mussicom.com\/noticias\/wp-json\/wp\/v2\/categories?post=24282"},{"taxonomy":"post_tag","embeddable":true,"href":"https:\/\/mussicom.com\/noticias\/wp-json\/wp\/v2\/tags?post=24282"}],"curies":[{"name":"wp","href":"https:\/\/api.w.org\/{rel}","templated":true}]}}