{"id":24278,"date":"2025-05-31T15:31:13","date_gmt":"2025-05-31T18:31:13","guid":{"rendered":"https:\/\/mussicom.com\/padilha-participa-de-1o-mutirao-de-cirurgias-para-reduzir-fila-do-sus\/"},"modified":"2025-05-31T15:31:13","modified_gmt":"2025-05-31T18:31:13","slug":"padilha-participa-de-1o-mutirao-de-cirurgias-para-reduzir-fila-do-sus","status":"publish","type":"post","link":"https:\/\/mussicom.com\/noticias\/padilha-participa-de-1o-mutirao-de-cirurgias-para-reduzir-fila-do-sus\/","title":{"rendered":"Padilha participa de 1\u00ba mutir\u00e3o de cirurgias para reduzir fila do SUS"},"content":{"rendered":"<p> <br \/>\n<\/p>\n<div>\n<p><strong>O ministro da Sa\u00fade, Alexandre Padilha iniciou neste s\u00e1bado (31)<\/strong> as atividades do programa Agora Tem Especialistas, ao participar do<strong> primeiro mutir\u00e3o de cirurgias eletivas realizado em nove unidades ligadas \u00e0 Empresa Brasileira de Servi\u00e7os Hospitalares (Ebserh)<\/strong>, respons\u00e1vel por administrar os hospitais universit\u00e1rios do pa\u00eds. A iniciativa vai utilizar toda a estrutura p\u00fablica e privada para reduzir as filas dos procedimentos n\u00e3o emergenciais.<img decoding=\"async\" src=\"https:\/\/agenciabrasil.ebc.com.br\/ebc.gif?id=1645040&amp;o=node\" style=\"width:1px; height:1px; display:inline;\"\/><\/p>\n<p>Segundo Padilha, <strong>a ideia \u00e9 que todos os hospitais da Ebserh passem a funcionar aos s\u00e1bados ou em terceiro turno para o atendimento eletivo, com o objetivo de aumentar a capacidade das redes locais.<\/strong>\u00a0<\/p>\n<blockquote>\n<p>\u201cA Ebserh tem como meta este ano aumentar em 40% das cirurgias eletivas que realiza e o Minist\u00e9rio da Sa\u00fade coloca R$100 milh\u00f5es s\u00f3 para essa a\u00e7\u00e3o\u201d.<\/p>\n<\/blockquote>\n<p>A iniciativa \u00e9 um esfor\u00e7o para diminuir os efeitos da pandemia de covid-19\u00a0sentidos at\u00e9 hoje, explica Padilha.<\/p>\n<p>\u201cAl\u00e9m das mais de 700 mil vidas que n\u00f3s perdemos, a pandemia, da forma como foi conduzida no governo anterior, gerou uma desorganiza\u00e7\u00e3o dos fluxos de atendimento, desde o papel da unidade b\u00e1sica de sa\u00fade e encaminhamento para m\u00e9dia complexidade, at\u00e9 os procedimentos de cirurgias mais especializados.\u201d<strong>\u00a0<\/strong><\/p>\n<p>O ministro participou do<strong> mutir\u00e3o no Hospital Universit\u00e1rio de Bras\u00edlia (HUB-UnB), onde est\u00e3o sendo realizadas hoje 28 cirurgias eletivas entre catarata, laqueadura, h\u00e9rnia, colecistectomia, implante de marcapasso, al\u00e9m de mais 28 exames de coloproctologia.<\/strong> Somente na unidade, cerca de 30 profissionais de sa\u00fade se revezam ao longo do dia para ampliar o acesso da popula\u00e7\u00e3o aos procedimentos especializados e consultas no Sistema \u00danico de Sa\u00fade.<\/p>\n<p><strong>De acordo com o vice-presidente da Ebserh, Daniel Beltrammi, o esfor\u00e7o teve in\u00edcio neste s\u00e1bado em mais seis unidades da regi\u00e3o Nordeste e duas da regi\u00e3o Norte, que tamb\u00e9m participam do mutir\u00e3o de lan\u00e7amento.<\/strong>\u00a0<\/p>\n<blockquote>\n<p>\u201cA Ebserh \u00e9 uma empresa p\u00fablica de cada brasileira e brasileiro e a maior rede de hospitais universit\u00e1rios do Sul Global com o prop\u00f3sito de promover sa\u00fade, ensino, pesquisa e inova\u00e7\u00e3o a servi\u00e7o da vida e do nosso Sistema \u00danico de Sa\u00fade\u201d, refor\u00e7ou.<\/p>\n<\/blockquote>\n<p>Padilha adiantou ainda que no dia 5 de julho ocorrer\u00e1 o Dia E Nacional, no mesmo modelo do Dia D de Vacina\u00e7\u00e3o, no qual todos os hospitais universit\u00e1rios do pa\u00eds estar\u00e3o mobilizados para fazer a\u00e7\u00f5es que garantam um tempo mais adequado para o tratamento.\u00a0<\/p>\n<blockquote>\n<p>\u201cA gente fez quest\u00e3o de fazer o primeiro ato do programa com a Ebserh, no Hospital Universit\u00e1rio de Bras\u00edlia, para reconhecer o compromisso de toda a rede de hospitais universit\u00e1rios.\u201d<\/p>\n<\/blockquote>\n<h2>Medida<\/h2>\n<p>O Agora Tem Especialistas foi institu\u00eddo por medida provis\u00f3ria, assinada pelo presidente Luiz In\u00e1cio Lula da Silva nessa sexta-feira (30). O programa permite ainda o credenciamento de estruturas privadas que queiram oferecer atendimento e tratamento aos Sistema \u00danico de Sa\u00fade.\u00a0<\/p>\n<blockquote>\n<p>\u201cUsaremos dois mecanismos inovadores. Um com planos de sa\u00fade, para troca das d\u00edvidas que tenham com a Uni\u00e3o, por oferta de cirurgias, exames de imagem, consultas especializadas para pacientes do SUS e tamb\u00e9m outro mecanismo para os hospitais privados e filantr\u00f3picos que tamb\u00e9m poder\u00e3o ter suas d\u00edvidas abatidas em parte, ao oferecerem esses atendimentos aos pacientes da rede p\u00fablica\u201d, destacou o ministro.<\/p>\n<\/blockquote>\n<h2>Monitoramento<\/h2>\n<p>O programa prev\u00ea ainda a ativa\u00e7\u00e3o do Painel de Monitoramento Nacional, com a obrigatoriedade de toda a rede de sa\u00fade, seja nacional, estadual ou municipal, passar a informar dados sobre atendimento, interna\u00e7\u00e3o e procedimentos, al\u00e9m do tempo de espera para a Rede Nacional de Dados de Sa\u00fade.\u00a0<\/p>\n<p>\u201cHoje essa informa\u00e7\u00e3o n\u00e3o existe no Brasil. Vai passar a existir por conta dessa medida provis\u00f3ria do presidente Lula. Com isso a gente vai poder monitorar\u201d, afirmou Padilha.\u00a0<\/p>\n<p>      <!-- Relacionada --><\/p>\n<p>            <!-- Relacionada -->\n    <\/div>\n<p><br \/>\n<br \/>Fonte: <a href=\"https:\/\/agenciabrasil.ebc.com.br\/saude\/noticia\/2025-05\/padilha-participa-de-1-mutirao-de-cirurgias-para-reduzir-fila-do-sus\">Ag\u00eancia Brasil<\/a><\/p>\n","protected":false},"excerpt":{"rendered":"<p>O ministro da Sa\u00fade, Alexandre Padilha iniciou neste s\u00e1bado (31) as atividades do programa Agora Tem Especialistas, ao participar do primeiro mutir\u00e3o de cirurgias eletivas realizado em nove unidades ligadas \u00e0 Empresa Brasileira de Servi\u00e7os Hospitalares (Ebserh), respons\u00e1vel por administrar os hospitais universit\u00e1rios do pa\u00eds. A iniciativa vai utilizar toda a estrutura p\u00fablica e privada [&hellip;]<\/p>\n","protected":false},"author":5,"featured_media":24279,"comment_status":"open","ping_status":"open","sticky":false,"template":"","format":"standard","meta":{"_seopress_robots_primary_cat":"","_seopress_titles_title":"","_seopress_titles_desc":"","_seopress_robots_index":"","footnotes":""},"categories":[46],"tags":[],"class_list":["post-24278","post","type-post","status-publish","format-standard","has-post-thumbnail","hentry","category-saude"],"_links":{"self":[{"href":"https:\/\/mussicom.com\/noticias\/wp-json\/wp\/v2\/posts\/24278","targetHints":{"allow":["GET"]}}],"collection":[{"href":"https:\/\/mussicom.com\/noticias\/wp-json\/wp\/v2\/posts"}],"about":[{"href":"https:\/\/mussicom.com\/noticias\/wp-json\/wp\/v2\/types\/post"}],"author":[{"embeddable":true,"href":"https:\/\/mussicom.com\/noticias\/wp-json\/wp\/v2\/users\/5"}],"replies":[{"embeddable":true,"href":"https:\/\/mussicom.com\/noticias\/wp-json\/wp\/v2\/comments?post=24278"}],"version-history":[{"count":0,"href":"https:\/\/mussicom.com\/noticias\/wp-json\/wp\/v2\/posts\/24278\/revisions"}],"wp:featuredmedia":[{"embeddable":true,"href":"https:\/\/mussicom.com\/noticias\/wp-json\/wp\/v2\/media\/24279"}],"wp:attachment":[{"href":"https:\/\/mussicom.com\/noticias\/wp-json\/wp\/v2\/media?parent=24278"}],"wp:term":[{"taxonomy":"category","embeddable":true,"href":"https:\/\/mussicom.com\/noticias\/wp-json\/wp\/v2\/categories?post=24278"},{"taxonomy":"post_tag","embeddable":true,"href":"https:\/\/mussicom.com\/noticias\/wp-json\/wp\/v2\/tags?post=24278"}],"curies":[{"name":"wp","href":"https:\/\/api.w.org\/{rel}","templated":true}]}}