{"id":24140,"date":"2025-05-30T21:06:29","date_gmt":"2025-05-31T00:06:29","guid":{"rendered":"https:\/\/mussicom.com\/trump-anuncia-que-vai-elevar-tarifas-sobre-aco-e-aluminio\/"},"modified":"2025-05-30T21:06:29","modified_gmt":"2025-05-31T00:06:29","slug":"trump-anuncia-que-vai-elevar-tarifas-sobre-aco-e-aluminio","status":"publish","type":"post","link":"https:\/\/mussicom.com\/noticias\/trump-anuncia-que-vai-elevar-tarifas-sobre-aco-e-aluminio\/","title":{"rendered":"Trump anuncia que vai elevar tarifas sobre a\u00e7o e alum\u00ednio"},"content":{"rendered":"<p> <br \/>\n<\/p>\n<div>\n<p class=\"postParagraph_post-paragraph__juWZN\">O presidente dos Estados Unidos, Donald Trump, disse nesta sexta-feira (30) que vai dobrar as tarifas sobre as importa\u00e7\u00f5es de a\u00e7o e alum\u00ednio, elevando-as para 50%.<\/p>\n<p class=\"postParagraph_post-paragraph__juWZN\">\u201cVamos elevar de 25% para 50% as tarifas sobre o a\u00e7o que vem para os Estados Unidos da Am\u00e9rica\u201d, afirmou Trump num discurso em West Mifflin, na Pensilv\u00e2nia, segundo informa\u00e7\u00f5es da CNBC.<\/p>\n<p class=\"postParagraph_post-paragraph__juWZN\">Pouco depois, ele acrescentou que a nova taxa entrar\u00e1 em vigor na pr\u00f3xima quarta-feira (4) e tamb\u00e9m abranger\u00e1 as importa\u00e7\u00f5es de alum\u00ednio.<\/p>\n<p class=\"postParagraph_post-paragraph__juWZN\">\u201cNossas ind\u00fastrias de a\u00e7o e alum\u00ednio est\u00e3o se recuperando como nunca antes. Esta ser\u00e1 mais uma grande not\u00edcia para os nossos maravilhosos trabalhadores do a\u00e7o e do alum\u00ednio\u201d, escreveu Trump na rede Truth Social.<\/p>\n<p class=\"postParagraph_post-paragraph__juWZN\">Em mar\u00e7o, Trump havia imposto tarifas de 25% sobre as importa\u00e7\u00f5es americanas de a\u00e7o e alum\u00ednio.<\/p>\n<p class=\"postParagraph_post-paragraph-innerHtml__Q5vwc\">O an\u00fancio de hoje do presidente republicano ocorreu num evento em que ele detalhou uma \u201cparceria\u201d entre a empresa americana U.S. Steel e a japonesa Nippon Steel, que, segundo ele informou na semana passada, criar\u00e1 pelo menos 70 mil empregos nos Estados Unidos e adicionar\u00e1 US$ 14 bilh\u00f5es \u00e0 maior economia do mundo.<\/p>\n<p class=\"postParagraph_post-paragraph__juWZN\">Este an\u00fancio veio depois que a tentativa da sider\u00fargica japonesa de comprar a americana foi bloqueada devido a alega\u00e7\u00f5es de seguran\u00e7a nacional.<\/p>\n<p class=\"postParagraph_post-paragraph__juWZN\">Na quarta-feira (28), o Tribunal de Com\u00e9rcio Internacional dos Estados Unidos, localizado em Nova York, havia suspendido as tarifas sobre importa\u00e7\u00f5es impostas por Trump com base na Lei de Poderes Econ\u00f4micos de Emerg\u00eancia Internacional (Ieepa, na sigla em ingl\u00eas).<\/p>\n<p class=\"postParagraph_post-paragraph__juWZN\">A decis\u00e3o abrangia as tarifas do Dia da Liberta\u00e7\u00e3o, anunciadas em 2 de abril, e as que haviam sido impostas antes contra China, M\u00e9xico e Canad\u00e1 sob a alega\u00e7\u00e3o de que estes pa\u00edses n\u00e3o estavam combatendo a entrada de fentanil nos Estados Unidos.<\/p>\n<p class=\"postParagraph_post-paragraph__juWZN\">No entanto, a decis\u00e3o n\u00e3o afetava as tarifas de 25% sobre importa\u00e7\u00f5es de autom\u00f3veis, pe\u00e7as automotivas, a\u00e7o e alum\u00ednio (estas agora aumentadas), que foram baseadas na Lei de Expans\u00e3o Comercial e n\u00e3o na Ieepa.<\/p>\n<p class=\"postParagraph_post-paragraph-innerHtml__Q5vwc\">No dia seguinte, o Tribunal de Apela\u00e7\u00f5es dos Estados Unidos para o Circuito Federal, em Washington, suspendeu a decis\u00e3o judicial de Nova York e restabeleceu as tarifas baseadas na Ieepa.<\/p>\n<\/div>\n<p><br \/>\n<br \/>Fonte: <a href=\"https:\/\/www.gazetadopovo.com.br\/mundo\/trump-anuncia-que-vai-elevar-tarifas-sobre-aco\/\">Revista Oeste<\/a><\/p>\n","protected":false},"excerpt":{"rendered":"<p>O presidente dos Estados Unidos, Donald Trump, disse nesta sexta-feira (30) que vai dobrar as tarifas sobre as importa\u00e7\u00f5es de a\u00e7o e alum\u00ednio, elevando-as para 50%. \u201cVamos elevar de 25% para 50% as tarifas sobre o a\u00e7o que vem para os Estados Unidos da Am\u00e9rica\u201d, afirmou Trump num discurso em West Mifflin, na Pensilv\u00e2nia, segundo [&hellip;]<\/p>\n","protected":false},"author":5,"featured_media":24141,"comment_status":"open","ping_status":"open","sticky":false,"template":"","format":"standard","meta":{"_seopress_robots_primary_cat":"","_seopress_titles_title":"","_seopress_titles_desc":"","_seopress_robots_index":"","footnotes":""},"categories":[1],"tags":[],"class_list":["post-24140","post","type-post","status-publish","format-standard","has-post-thumbnail","hentry","category-ultimas-noticias"],"_links":{"self":[{"href":"https:\/\/mussicom.com\/noticias\/wp-json\/wp\/v2\/posts\/24140","targetHints":{"allow":["GET"]}}],"collection":[{"href":"https:\/\/mussicom.com\/noticias\/wp-json\/wp\/v2\/posts"}],"about":[{"href":"https:\/\/mussicom.com\/noticias\/wp-json\/wp\/v2\/types\/post"}],"author":[{"embeddable":true,"href":"https:\/\/mussicom.com\/noticias\/wp-json\/wp\/v2\/users\/5"}],"replies":[{"embeddable":true,"href":"https:\/\/mussicom.com\/noticias\/wp-json\/wp\/v2\/comments?post=24140"}],"version-history":[{"count":0,"href":"https:\/\/mussicom.com\/noticias\/wp-json\/wp\/v2\/posts\/24140\/revisions"}],"wp:featuredmedia":[{"embeddable":true,"href":"https:\/\/mussicom.com\/noticias\/wp-json\/wp\/v2\/media\/24141"}],"wp:attachment":[{"href":"https:\/\/mussicom.com\/noticias\/wp-json\/wp\/v2\/media?parent=24140"}],"wp:term":[{"taxonomy":"category","embeddable":true,"href":"https:\/\/mussicom.com\/noticias\/wp-json\/wp\/v2\/categories?post=24140"},{"taxonomy":"post_tag","embeddable":true,"href":"https:\/\/mussicom.com\/noticias\/wp-json\/wp\/v2\/tags?post=24140"}],"curies":[{"name":"wp","href":"https:\/\/api.w.org\/{rel}","templated":true}]}}