{"id":24128,"date":"2025-05-30T19:26:11","date_gmt":"2025-05-30T22:26:11","guid":{"rendered":"https:\/\/mussicom.com\/dept-q-serie-de-suspense-policial-da-netflix-tera-2a-temporada\/"},"modified":"2025-05-30T19:26:11","modified_gmt":"2025-05-30T22:26:11","slug":"dept-q-serie-de-suspense-policial-da-netflix-tera-2a-temporada","status":"publish","type":"post","link":"https:\/\/mussicom.com\/noticias\/dept-q-serie-de-suspense-policial-da-netflix-tera-2a-temporada\/","title":{"rendered":"Dept. Q, s\u00e9rie de suspense policial da Netflix, ter\u00e1 2\u00aa temporada?"},"content":{"rendered":"<p> <br \/>\n<\/p>\n<div>\n<p><em><strong>Dept. Q<\/strong><\/em>, nova s\u00e9rie de suspense policial da Netflix, vem fazendo sucesso no cat\u00e1logo do streaming. A s\u00e9rie adapta para o Reino Unido a franquia liter\u00e1ria dinamarquesa de <strong>Jussi Adler-Olsen<\/strong>, mudando o cen\u00e1rio de Copenhague para Edimburgo e transformando o protagonista em um detetive ingl\u00eas. Quem assistiu quer saber: um segundo ano vai acontecer? Saiba a seguir:<\/p>\n<h4><strong>Do que se trata?<\/strong><\/h4>\n<p>Em um ambiente marcado pelo trauma, o detetive Carl Morck, interpretado por <strong>Matthew Goode<\/strong> (<em><strong>A Descoberta das Bruxas<\/strong><\/em>), retorna ao trabalho ap\u00f3s sobreviver a um ataque violento que resultou na morte de um colega e deixou outro parapl\u00e9gico. Marcado pela culpa e pela press\u00e3o institucional, ele \u00e9 deslocado para uma obscura divis\u00e3o de casos arquivados em Edimburgo, onde passa a liderar uma equipe improv\u00e1vel em investiga\u00e7\u00f5es de crimes esquecidos pela pol\u00edcia.<\/p>\n<p>A obra de <strong>Adler-Olsen<\/strong> j\u00e1 havia sido adaptada para o cinema na Dinamarca, gerando uma franquia iniciada em 2013 e que soma seis filmes at\u00e9 2024. <strong>Scott Frank<\/strong> (<em><strong>O Gambito da Rainha<\/strong><\/em>) desenvolveu a s\u00e9rie e adaptou o papel principal especialmente para Goode, retomando a parceria entre ambos ap\u00f3s <em><strong>O Vigia<\/strong><\/em> (<em><strong>The Lookout<\/strong><\/em>). O detetive ganha novos contornos, tanto na caracteriza\u00e7\u00e3o f\u00edsica quanto nas tens\u00f5es emocionais que atravessam sua trajet\u00f3ria.<\/p>\n<h4><strong>Quem est\u00e1 na produ\u00e7\u00e3o?<\/strong><\/h4>\n<p>O elenco tamb\u00e9m re\u00fane <strong>Kelly Macdonald<\/strong> (<em><strong>Line of Duty<\/strong><\/em>), <strong>Leah Byrne<\/strong> (<em><strong>Deadwater Fell<\/strong><\/em>) e <strong>James Macnaughton<\/strong> (<em><strong>D-Day: The Unheard Tapes<\/strong><\/em>). A equipe formada por perfis contrastantes movimenta a investiga\u00e7\u00e3o dos casos arquivados, ao mesmo tempo em que lida com segredos pessoais e traumas mal resolvidos, aprofundando o clima de suspense e tens\u00e3o que conduz a narrativa.<\/p>\n<h4><strong>A s\u00e9rie ter\u00e1 uma segunda temporada?<\/strong><\/h4>\n<p>At\u00e9 o momento, a Netflix n\u00e3o anunciou a renova\u00e7\u00e3o da s\u00e9rie para um segundo ano. Os n\u00fameros de audi\u00eancia provavelmente ir\u00e3o influenciar na decis\u00e3o da gigante do streaming.<\/p>\n<p>No entanto, o ator <strong>Matthew Good<\/strong> j\u00e1 revelou que quer mais um ano.\u00a0Em entrevista ao Yahoo UK (via Business Insider), <strong>Goode<\/strong> disse que havia dito ao diretor e ao roteirista que eles &#8220;<em>realmente precisam fazer<\/em>&#8221; uma segunda temporada, e que a s\u00e9rie poderia intensificar suas cenas de luta na segunda temporada.<\/p>\n<p>Sua colega de elenco, <strong>Pirrie<\/strong>, concordou: &#8220;<em>Eu adoraria ver mais. Quando assisti aos epis\u00f3dios, fiquei tipo: esses personagens s\u00e3o t\u00e3o divertidos de acompanhar. Quero ver essa equipe fazendo mais coisas juntos<\/em>&#8220;.<\/p>\n<p><iframe title=\"Dept. Q | Trailer oficial | Netflix\" width=\"800\" height=\"450\" src=\"https:\/\/www.youtube.com\/embed\/eymB5o6Wq_M?feature=oembed\" frameborder=\"0\" allow=\"accelerometer; autoplay; clipboard-write; encrypted-media; gyroscope; picture-in-picture; web-share\" referrerpolicy=\"strict-origin-when-cross-origin\" allowfullscreen><\/iframe><\/p>\n<p><strong>Fonte: Business Insider<\/strong><\/p>\n<p><strong>LEIA TAMB\u00c9M:<\/strong>Qual \u00e9 a ordem cronol\u00f3gica dos filmes da franquia Rua do Medo?<\/p>\n<blockquote class=\"amdb-polls\" contenteditable=\"false\" data-sid=\"\/polls\/14\/embed\/\">\n<p>Qual foi o melhor filme de 2025 at\u00e9 agora? Vote no seu favorito!<\/p>\n<ul>\n<li>Baby<\/li>\n<li>Anora<\/li>\n<li>Conclave<\/li>\n<li>Acompanhante Perfeita<\/li>\n<li>Capit\u00e3o Am\u00e9rica: Admir\u00e1vel Mundo Novo<\/li>\n<li>Flow<\/li>\n<li>O Brutalista<\/li>\n<li>Um Completo Desconhecido<\/li>\n<li>Mickey 17<\/li>\n<li>Vit\u00f3ria<\/li>\n<li>Branca de Neve<\/li>\n<li>Um Filme Minecraft<\/li>\n<li>Pecadores<\/li>\n<li>Thunderbolts*<\/li>\n<li>Homem com H<\/li>\n<li>Karat\u00ea Kid: Lendas<\/li>\n<li>Premoni\u00e7\u00e3o 6: La\u00e7os de Sangue<\/li>\n<li>Hurry Up Tomorrow: Al\u00e9m dos Holofotes<\/li>\n<li>Lilo &amp; Stitch<\/li>\n<li>Miss\u00e3o: Imposs\u00edvel &#8211; O Acerto Final<\/li>\n<\/ul>\n<\/blockquote>\n<\/div>\n<p><br \/>\n<br \/>Fonte: <a href=\"https:\/\/rollingstone.com.br\/entretenimento\/dept-q-serie-de-suspense-policial-da-netflix-tera-2-temporada\/\">rollingstone.com.br<\/a><\/p>\n","protected":false},"excerpt":{"rendered":"<p>Dept. Q, nova s\u00e9rie de suspense policial da Netflix, vem fazendo sucesso no cat\u00e1logo do streaming. A s\u00e9rie adapta para o Reino Unido a franquia liter\u00e1ria dinamarquesa de Jussi Adler-Olsen, mudando o cen\u00e1rio de Copenhague para Edimburgo e transformando o protagonista em um detetive ingl\u00eas. Quem assistiu quer saber: um segundo ano vai acontecer? Saiba [&hellip;]<\/p>\n","protected":false},"author":5,"featured_media":24129,"comment_status":"open","ping_status":"open","sticky":false,"template":"","format":"standard","meta":{"_seopress_robots_primary_cat":"","_seopress_titles_title":"","_seopress_titles_desc":"","_seopress_robots_index":"","footnotes":""},"categories":[51],"tags":[],"class_list":["post-24128","post","type-post","status-publish","format-standard","has-post-thumbnail","hentry","category-musica"],"_links":{"self":[{"href":"https:\/\/mussicom.com\/noticias\/wp-json\/wp\/v2\/posts\/24128","targetHints":{"allow":["GET"]}}],"collection":[{"href":"https:\/\/mussicom.com\/noticias\/wp-json\/wp\/v2\/posts"}],"about":[{"href":"https:\/\/mussicom.com\/noticias\/wp-json\/wp\/v2\/types\/post"}],"author":[{"embeddable":true,"href":"https:\/\/mussicom.com\/noticias\/wp-json\/wp\/v2\/users\/5"}],"replies":[{"embeddable":true,"href":"https:\/\/mussicom.com\/noticias\/wp-json\/wp\/v2\/comments?post=24128"}],"version-history":[{"count":0,"href":"https:\/\/mussicom.com\/noticias\/wp-json\/wp\/v2\/posts\/24128\/revisions"}],"wp:featuredmedia":[{"embeddable":true,"href":"https:\/\/mussicom.com\/noticias\/wp-json\/wp\/v2\/media\/24129"}],"wp:attachment":[{"href":"https:\/\/mussicom.com\/noticias\/wp-json\/wp\/v2\/media?parent=24128"}],"wp:term":[{"taxonomy":"category","embeddable":true,"href":"https:\/\/mussicom.com\/noticias\/wp-json\/wp\/v2\/categories?post=24128"},{"taxonomy":"post_tag","embeddable":true,"href":"https:\/\/mussicom.com\/noticias\/wp-json\/wp\/v2\/tags?post=24128"}],"curies":[{"name":"wp","href":"https:\/\/api.w.org\/{rel}","templated":true}]}}