{"id":24078,"date":"2025-05-30T15:18:34","date_gmt":"2025-05-30T18:18:34","guid":{"rendered":"https:\/\/mussicom.com\/cratera-em-ciclovia-prende-caminhao-em-guaruja-motorista-sera-responsabilizado\/"},"modified":"2025-05-30T15:18:34","modified_gmt":"2025-05-30T18:18:34","slug":"cratera-em-ciclovia-prende-caminhao-em-guaruja-motorista-sera-responsabilizado","status":"publish","type":"post","link":"https:\/\/mussicom.com\/noticias\/cratera-em-ciclovia-prende-caminhao-em-guaruja-motorista-sera-responsabilizado\/","title":{"rendered":"Cratera em ciclovia prende caminh\u00e3o em Guaruj\u00e1; motorista ser\u00e1 responsabilizado"},"content":{"rendered":"<p> <br \/>\n<\/p>\n<div><\/p>\n<div>Um caminh\u00e3o afundou em uma cratera que se abriu na ciclovia da Avenida Antenor Pimentel, no bairro Morrinhos, em Guaruj\u00e1 (SP).<\/div>\n<\/div>\n<p><br \/>\n<br \/>Fonte: <a href=\"https:\/\/jornaldaorla.com.br\/noticias\/cratera-em-ciclovia-prende-caminhao-em-guaruja-motorista-sera-responsabilizado\/\">Jornal Da Orla<\/a><\/p>\n","protected":false},"excerpt":{"rendered":"<p>Um caminh\u00e3o afundou em uma cratera que se abriu na ciclovia da Avenida Antenor Pimentel, no bairro Morrinhos, em Guaruj\u00e1 (SP). Fonte: Jornal Da Orla<\/p>\n","protected":false},"author":5,"featured_media":24079,"comment_status":"open","ping_status":"open","sticky":false,"template":"","format":"standard","meta":{"_seopress_robots_primary_cat":"","_seopress_titles_title":"","_seopress_titles_desc":"","_seopress_robots_index":"","footnotes":""},"categories":[52],"tags":[],"class_list":["post-24078","post","type-post","status-publish","format-standard","has-post-thumbnail","hentry","category-santoseregiao"],"_links":{"self":[{"href":"https:\/\/mussicom.com\/noticias\/wp-json\/wp\/v2\/posts\/24078","targetHints":{"allow":["GET"]}}],"collection":[{"href":"https:\/\/mussicom.com\/noticias\/wp-json\/wp\/v2\/posts"}],"about":[{"href":"https:\/\/mussicom.com\/noticias\/wp-json\/wp\/v2\/types\/post"}],"author":[{"embeddable":true,"href":"https:\/\/mussicom.com\/noticias\/wp-json\/wp\/v2\/users\/5"}],"replies":[{"embeddable":true,"href":"https:\/\/mussicom.com\/noticias\/wp-json\/wp\/v2\/comments?post=24078"}],"version-history":[{"count":0,"href":"https:\/\/mussicom.com\/noticias\/wp-json\/wp\/v2\/posts\/24078\/revisions"}],"wp:featuredmedia":[{"embeddable":true,"href":"https:\/\/mussicom.com\/noticias\/wp-json\/wp\/v2\/media\/24079"}],"wp:attachment":[{"href":"https:\/\/mussicom.com\/noticias\/wp-json\/wp\/v2\/media?parent=24078"}],"wp:term":[{"taxonomy":"category","embeddable":true,"href":"https:\/\/mussicom.com\/noticias\/wp-json\/wp\/v2\/categories?post=24078"},{"taxonomy":"post_tag","embeddable":true,"href":"https:\/\/mussicom.com\/noticias\/wp-json\/wp\/v2\/tags?post=24078"}],"curies":[{"name":"wp","href":"https:\/\/api.w.org\/{rel}","templated":true}]}}