{"id":24011,"date":"2025-05-30T05:49:34","date_gmt":"2025-05-30T08:49:34","guid":{"rendered":"https:\/\/mussicom.com\/zema-critica-haddad-por-barbeiragens-no-iof\/"},"modified":"2025-05-30T05:49:34","modified_gmt":"2025-05-30T08:49:34","slug":"zema-critica-haddad-por-barbeiragens-no-iof","status":"publish","type":"post","link":"https:\/\/mussicom.com\/noticias\/zema-critica-haddad-por-barbeiragens-no-iof\/","title":{"rendered":"Zema critica Haddad por &#8220;barbeiragens&#8221; no IOF"},"content":{"rendered":"<p> <br \/>\n<\/p>\n<div>\n<p class=\"postParagraph_post-paragraph__juWZN\">O governador de Minas Gerais, Romeu Zema (Novo), elevou o tom contra o ministro da Fazenda, Fernando Haddad, nesta quinta-feira (29\/05). Por meio da rede social X, Zema criticou a proposta do governo federal para aumentar o IOF (Imposto sobre Opera\u00e7\u00f5es Financeiras), sugerindo que a medida penaliza a popula\u00e7\u00e3o.<\/p>\n<p class=\"postParagraph_post-paragraph__juWZN\">\u201cAlgu\u00e9m precisa frear essas barbeiragens. J\u00e1 est\u00e1 ficando chato. Gasta sem d\u00f3 e empurra a conta para o brasileiro pagar\u201d, escreveu o governador.<\/p>\n<div class=\"postViewMore_post-view-more-container___5wai\" data-mrf-recirculation=\"Post - Veja tamb\u00e9m\">\n<p class=\"gp-styles-module-size-small-afeYRa gp-styles-module-font-family2-afeYRa gp-styles-module-color-secondary-afeYRa gp-styles-module-weight-bold-afeYRa\">VEJA TAMB\u00c9M:<\/p>\n<ul class=\"postViewMore_post-view-more-list__CU_CE\">\n<li class=\"postViewMore_post-view-more-item__2MzRb\">\n<div class=\"postViewMore_post-view-more-image__5gUSe\"><picture class=\"imageDefault_image-container__XGd8_\"><\/picture><\/div>\n<p>Motta empareda governo ap\u00f3s press\u00e3o de l\u00edderes pela derrubada do aumento do IOF<\/li>\n<\/ul>\n<\/div>\n<p class=\"postParagraph_post-paragraph__juWZN\">Zema tamb\u00e9m fez um apelo ao presidente da C\u00e2mara dos Deputados, Hugo Motta (Republicanos-PB), para que a Casa coloque em discuss\u00e3o e suspenda o aumento do imposto. \u201cPara ontem\u201d, refor\u00e7ou o mineiro.<\/p>\n<p class=\"postParagraph_post-paragraph__juWZN\">A cr\u00edtica de Zema vem em um momento de tens\u00e3o entre o Executivo e o Congresso em torno da pol\u00edtica fiscal. Na noite de quarta-feira (28\/05), Hugo Motta e o presidente do Senado, Davi Alcolumbre (Uni\u00e3o Brasil-AP), reuniram-se com Haddad na resid\u00eancia oficial do presidente da C\u00e2mara, em Bras\u00edlia.<\/p>\n<p class=\"postParagraph_post-paragraph__juWZN\">Ap\u00f3s o encontro, Motta informou que o Congresso deu um prazo de 10 dias para que o ministro revogue o aumento do IOF. Caso o governo n\u00e3o recue at\u00e9 o in\u00edcio da semana de 9 de junho, parlamentares devem votar um projeto de decreto legislativo (PDL) para anular a medida da equipe econ\u00f4mica.<\/p>\n<p class=\"postParagraph_post-paragraph__juWZN\">Al\u00e9m da revoga\u00e7\u00e3o, alternativas v\u00eam sendo debatidas para aumentar a arrecada\u00e7\u00e3o sem penalizar a popula\u00e7\u00e3o. Entre as op\u00e7\u00f5es est\u00e3o o aumento da taxa\u00e7\u00e3o sobre empresas de apostas (as chamadas bets) e fintechs, al\u00e9m de outras medidas de reestrutura\u00e7\u00e3o tribut\u00e1ria. No entanto, segundo relatos, Haddad n\u00e3o considera nenhuma dessas propostas uma solu\u00e7\u00e3o ideal no momento.<\/p>\n<p class=\"postParagraph_post-paragraph__juWZN\">A disputa em torno do IOF se insere em um contexto de press\u00f5es crescentes sobre o governo federal para ajustar as contas p\u00fablicas sem recorrer a aumentos de tributos que afetem diretamente a popula\u00e7\u00e3o.<\/p>\n<\/div>\n<p><br \/>\n<br \/>Fonte: <a href=\"https:\/\/www.gazetadopovo.com.br\/republica\/zema-critica-haddad-por-barbeiragens-no-iof-e-pede-acao-do-congresso\/\">Revista Oeste<\/a><\/p>\n","protected":false},"excerpt":{"rendered":"<p>O governador de Minas Gerais, Romeu Zema (Novo), elevou o tom contra o ministro da Fazenda, Fernando Haddad, nesta quinta-feira (29\/05). Por meio da rede social X, Zema criticou a proposta do governo federal para aumentar o IOF (Imposto sobre Opera\u00e7\u00f5es Financeiras), sugerindo que a medida penaliza a popula\u00e7\u00e3o. \u201cAlgu\u00e9m precisa frear essas barbeiragens. J\u00e1 [&hellip;]<\/p>\n","protected":false},"author":5,"featured_media":24012,"comment_status":"open","ping_status":"open","sticky":false,"template":"","format":"standard","meta":{"_seopress_robots_primary_cat":"","_seopress_titles_title":"","_seopress_titles_desc":"","_seopress_robots_index":"","footnotes":""},"categories":[1],"tags":[],"class_list":["post-24011","post","type-post","status-publish","format-standard","has-post-thumbnail","hentry","category-ultimas-noticias"],"_links":{"self":[{"href":"https:\/\/mussicom.com\/noticias\/wp-json\/wp\/v2\/posts\/24011","targetHints":{"allow":["GET"]}}],"collection":[{"href":"https:\/\/mussicom.com\/noticias\/wp-json\/wp\/v2\/posts"}],"about":[{"href":"https:\/\/mussicom.com\/noticias\/wp-json\/wp\/v2\/types\/post"}],"author":[{"embeddable":true,"href":"https:\/\/mussicom.com\/noticias\/wp-json\/wp\/v2\/users\/5"}],"replies":[{"embeddable":true,"href":"https:\/\/mussicom.com\/noticias\/wp-json\/wp\/v2\/comments?post=24011"}],"version-history":[{"count":0,"href":"https:\/\/mussicom.com\/noticias\/wp-json\/wp\/v2\/posts\/24011\/revisions"}],"wp:featuredmedia":[{"embeddable":true,"href":"https:\/\/mussicom.com\/noticias\/wp-json\/wp\/v2\/media\/24012"}],"wp:attachment":[{"href":"https:\/\/mussicom.com\/noticias\/wp-json\/wp\/v2\/media?parent=24011"}],"wp:term":[{"taxonomy":"category","embeddable":true,"href":"https:\/\/mussicom.com\/noticias\/wp-json\/wp\/v2\/categories?post=24011"},{"taxonomy":"post_tag","embeddable":true,"href":"https:\/\/mussicom.com\/noticias\/wp-json\/wp\/v2\/tags?post=24011"}],"curies":[{"name":"wp","href":"https:\/\/api.w.org\/{rel}","templated":true}]}}