{"id":23843,"date":"2025-05-29T08:27:56","date_gmt":"2025-05-29T11:27:56","guid":{"rendered":"https:\/\/mussicom.com\/venezuela-diz-ter-detido-agente-de-orgao-antidrogas-dos-eua\/"},"modified":"2025-05-29T08:27:56","modified_gmt":"2025-05-29T11:27:56","slug":"venezuela-diz-ter-detido-agente-de-orgao-antidrogas-dos-eua","status":"publish","type":"post","link":"https:\/\/mussicom.com\/noticias\/venezuela-diz-ter-detido-agente-de-orgao-antidrogas-dos-eua\/","title":{"rendered":"Venezuela diz ter detido agente de \u00f3rg\u00e3o antidrogas dos EUA"},"content":{"rendered":"<p> <br \/>\n<\/p>\n<div>\n<p class=\"postParagraph_post-paragraph__juWZN\">O ministro do Interior da Venezuela e n\u00famero dois do chavismo, Diosdado Cabello, anunciou na noite de quarta-feira (28) a pris\u00e3o de um &#8220;agente da DEA&#8221; (a Administra\u00e7\u00e3o de Repress\u00e3o \u00e0s Drogas dos Estados Unidos) por uma suposta \u201copera\u00e7\u00e3o de bandeira falsa&#8221; para vincular um oficial militar venezuelano ao tr\u00e1fico de drogas.<\/p>\n<p class=\"postParagraph_post-paragraph__juWZN\">Em seu programa semanal de televis\u00e3o, o ministro afirmou que o plano consistia em &#8220;sequestrar&#8221; um major da For\u00e7a A\u00e9rea para &#8220;vincul\u00e1-lo ao tr\u00e1fico de drogas&#8221;.<\/p>\n<p class=\"postParagraph_post-paragraph__juWZN\">Cabello disse que o suposto agente da DEA, que estava &#8220;infiltrado aqui na Venezuela&#8221;, estava se passando por um oficial da Pol\u00edcia Nacional Bolivariana (PNB). No entanto, n\u00e3o forneceu mais detalhes sobre a opera\u00e7\u00e3o policial nem sobre a identidade do detido.<\/p>\n<p class=\"postParagraph_post-paragraph__juWZN\">O ministro acusou a DEA de ser o &#8220;principal cartel de drogas do mundo&#8221; e tamb\u00e9m afirmou que &#8220;os principais consumidores de drogas&#8221; do planeta &#8220;s\u00e3o os cidad\u00e3os dos Estados Unidos&#8221;, onde, em sua opini\u00e3o, &#8220;n\u00e3o h\u00e1 governo que resolva isso&#8221;.<\/p>\n<p class=\"postParagraph_post-paragraph__juWZN\">Por outro lado, destacou que viajar para os EUA &#8220;\u00e9 um perigo&#8221; e considera o alerta de viagem para o pa\u00eds &#8220;n\u00edvel 10&#8221;, por se tratar, em sua opini\u00e3o, de um territ\u00f3rio onde &#8220;n\u00e3o h\u00e1 seguran\u00e7a jur\u00eddica, humana ou de qualquer natureza&#8221;.<\/p>\n<p class=\"postParagraph_post-paragraph__juWZN\">&#8220;H\u00e1 algo que inventaram com alguns mercen\u00e1rios chamado ICE (Servi\u00e7o de Imigra\u00e7\u00e3o e Alf\u00e2ndega), com alguns mercen\u00e1rios, porque s\u00e3o mercen\u00e1rios que est\u00e3o l\u00e1, que perseguem qualquer pessoa na rua e n\u00e3o h\u00e1 seguran\u00e7a para ningu\u00e9m&#8221;, acrescentou Cabello.<\/p>\n<p class=\"postParagraph_post-paragraph__juWZN\">Na ter\u00e7a-feira, o governo americano emitiu um alerta instando seus cidad\u00e3os a n\u00e3o viajarem para a Venezuela em hip\u00f3tese alguma e a deixarem o pa\u00eds imediatamente devido ao alto risco de deten\u00e7\u00e3o arbitr\u00e1ria.<\/p>\n<p class=\"postParagraph_post-paragraph-innerHtml__Q5vwc\">Em comunicado, o Departamento de Estado americano confirmou que mant\u00e9m o alerta de viagem para a Venezuela no n\u00edvel 4, o\u00a0 mais alto, devido a &#8220;riscos graves, incluindo deten\u00e7\u00e3o injusta, tortura sob deten\u00e7\u00e3o, terrorismo, sequestro, pr\u00e1ticas policiais arbitr\u00e1rias, crimes violentos, dist\u00farbios civis e defici\u00eancias na assist\u00eancia m\u00e9dica&#8221;.<\/p>\n<p class=\"postParagraph_post-paragraph__juWZN\">Segundo o comunicado oficial, a Venezuela \u00e9 o pa\u00eds com o maior n\u00famero de cidad\u00e3os americanos detidos de forma injusta.<\/p>\n<p class=\"postParagraph_post-paragraph__juWZN\">Posteriormente, o regime de Nicol\u00e1s Maduro &#8220;desaconselhou&#8221; seus cidad\u00e3os a viajarem para os EUA e instou aqueles que residem l\u00e1 a deixarem o pa\u00eds.<\/p>\n<\/div>\n<p><br \/>\n<br \/>Fonte: <a href=\"https:\/\/www.gazetadopovo.com.br\/mundo\/regime-maduro-detido-agente-orgao-antidrogas-eua-venezuela\/\">Revista Oeste<\/a><\/p>\n","protected":false},"excerpt":{"rendered":"<p>O ministro do Interior da Venezuela e n\u00famero dois do chavismo, Diosdado Cabello, anunciou na noite de quarta-feira (28) a pris\u00e3o de um &#8220;agente da DEA&#8221; (a Administra\u00e7\u00e3o de Repress\u00e3o \u00e0s Drogas dos Estados Unidos) por uma suposta \u201copera\u00e7\u00e3o de bandeira falsa&#8221; para vincular um oficial militar venezuelano ao tr\u00e1fico de drogas. Em seu programa [&hellip;]<\/p>\n","protected":false},"author":5,"featured_media":23844,"comment_status":"open","ping_status":"open","sticky":false,"template":"","format":"standard","meta":{"_seopress_robots_primary_cat":"","_seopress_titles_title":"","_seopress_titles_desc":"","_seopress_robots_index":"","footnotes":""},"categories":[1],"tags":[],"class_list":["post-23843","post","type-post","status-publish","format-standard","has-post-thumbnail","hentry","category-ultimas-noticias"],"_links":{"self":[{"href":"https:\/\/mussicom.com\/noticias\/wp-json\/wp\/v2\/posts\/23843","targetHints":{"allow":["GET"]}}],"collection":[{"href":"https:\/\/mussicom.com\/noticias\/wp-json\/wp\/v2\/posts"}],"about":[{"href":"https:\/\/mussicom.com\/noticias\/wp-json\/wp\/v2\/types\/post"}],"author":[{"embeddable":true,"href":"https:\/\/mussicom.com\/noticias\/wp-json\/wp\/v2\/users\/5"}],"replies":[{"embeddable":true,"href":"https:\/\/mussicom.com\/noticias\/wp-json\/wp\/v2\/comments?post=23843"}],"version-history":[{"count":0,"href":"https:\/\/mussicom.com\/noticias\/wp-json\/wp\/v2\/posts\/23843\/revisions"}],"wp:featuredmedia":[{"embeddable":true,"href":"https:\/\/mussicom.com\/noticias\/wp-json\/wp\/v2\/media\/23844"}],"wp:attachment":[{"href":"https:\/\/mussicom.com\/noticias\/wp-json\/wp\/v2\/media?parent=23843"}],"wp:term":[{"taxonomy":"category","embeddable":true,"href":"https:\/\/mussicom.com\/noticias\/wp-json\/wp\/v2\/categories?post=23843"},{"taxonomy":"post_tag","embeddable":true,"href":"https:\/\/mussicom.com\/noticias\/wp-json\/wp\/v2\/tags?post=23843"}],"curies":[{"name":"wp","href":"https:\/\/api.w.org\/{rel}","templated":true}]}}