{"id":23835,"date":"2025-05-29T06:25:42","date_gmt":"2025-05-29T09:25:42","guid":{"rendered":"https:\/\/mussicom.com\/lula-diz-que-populacao-nao-pode-votar-em-qualquer-tranqueira\/"},"modified":"2025-05-29T06:25:42","modified_gmt":"2025-05-29T09:25:42","slug":"lula-diz-que-populacao-nao-pode-votar-em-qualquer-tranqueira","status":"publish","type":"post","link":"https:\/\/mussicom.com\/noticias\/lula-diz-que-populacao-nao-pode-votar-em-qualquer-tranqueira\/","title":{"rendered":"Lula diz que popula\u00e7\u00e3o n\u00e3o pode votar em \u201cqualquer tranqueira\u201d"},"content":{"rendered":"<p> <br \/>\n<\/p>\n<div>\n<p class=\"postParagraph_post-paragraph__juWZN\">O presidente Luiz In\u00e1cio Lula da Silva (PT) afirmou nesta quarta-feira (28) que a popula\u00e7\u00e3o n\u00e3o pode votar em \u201cqualquer tranqueira\u201d para governar o pa\u00eds nas elei\u00e7\u00f5es de 2026. O petista aproveitou o evento oficial do governo no munic\u00edpio de Salgueiro (PE) para atacar os ex-presidentes Jair Bolsonaro (PL) e Michel Temer (MDB).<\/p>\n<p class=\"postParagraph_post-paragraph-innerHtml__Q5vwc\">\u201cO compromisso que voc\u00eas t\u00eam que ter n\u00e3o \u00e9 comigo n\u00e3o, \u00e9 com os filhos de voc\u00eas, \u00e9 com os netos de voc\u00eas, \u00e9 com os pais de voc\u00eas. A gente n\u00e3o pode votar em qualquer tranqueira para governar esse pa\u00eds\u201d, disse Lula, em tom de campanha.<\/p>\n<p class=\"postParagraph_post-paragraph__juWZN\">\u201c\u00c9 preciso votar em gente que tenha compromisso, que tenha dignidade, que tenha o direito de olhar para voc\u00eas olhando nos olhos de voc\u00eas. Esse pa\u00eds n\u00e3o pode mais sofrer o retrocesso que n\u00f3s sofremos nos \u00faltimos seis anos&#8221;, acrescentou o presidente em refer\u00eancia ao per\u00edodo dos governos Temer e Bolsonaro.<\/p>\n<div class=\"postViewMore_post-view-more-container___5wai\" data-mrf-recirculation=\"Post - Veja tamb\u00e9m\">\n<p class=\"gp-styles-module-size-small-afeYRa gp-styles-module-font-family2-afeYRa gp-styles-module-color-secondary-afeYRa gp-styles-module-weight-bold-afeYRa\">VEJA TAMB\u00c9M:<\/p>\n<ul class=\"postViewMore_post-view-more-list__CU_CE\">\n<li class=\"postViewMore_post-view-more-item__2MzRb\"><span class=\"postViewMore_post-view-more-link-icon___stPC\"><svg xmlns=\"http:\/\/www.w3.org\/2000\/svg\" width=\"16\" height=\"16\" viewbox=\"0 0 16 16\"><rect width=\"16\" height=\"16\" fill=\"none\"\/><g transform=\"translate(3 3)\"><path d=\"M22.5,15l3.4,3.4-3.4,3.4\" transform=\"translate(-15.896 -11.793)\" fill=\"none\" stroke=\"#717171\" stroke-linecap=\"round\" stroke-width=\"1.4\"\/><path d=\"M6,6v4.2a2.452,2.452,0,0,0,2.5,2.4H16\" transform=\"translate(-6 -6)\" fill=\"none\" stroke=\"#717171\" stroke-linecap=\"round\" stroke-width=\"1.4\"\/><\/g><\/svg><\/span><span class=\"postViewMore_post-view-more-link-text__hO_kM\">Alta do IOF n\u00e3o solucionar\u00e1 problemas das contas p\u00fablicas de 2026, afirma economista<\/span><\/li>\n<\/ul>\n<\/div>\n<p class=\"postParagraph_post-paragraph__juWZN\">Lula afirmou que a gest\u00e3o passada n\u00e3o fez obras em Pernambuco e no Cear\u00e1 e voltou a culpar Bolsonaro pelas mortes durante a pandemia de Covid-19. \u201cO que ele fez foi passar quatro anos mentindo na televis\u00e3o, fazendo fake news e mentindo para o povo. At\u00e9 contra a Covid ele conseguiu mentir, conseguiu inventar um rem\u00e9dio, conseguiu fazer com 700 mil pessoas morressem, quando a gente poderia ter evitado a morte de pelo 50% dessa gente\u201d, afirmou.<\/p>\n<p class=\"postParagraph_post-paragraph__juWZN\">At\u00e9 o momento, Lula \u00e9 tratado pelo PT como \u00fanico candidato poss\u00edvel ao Planalto em 2026. Apesar de estar ineleg\u00edvel at\u00e9 2030, Bolsonaro espera reverter a decis\u00e3o do Tribunal Superior Eleitoral (TSE) para disputar o pleito. O ex-presidente evita nomear um poss\u00edvel subst\u00edtuto para as elei\u00e7\u00f5es presidenciais.<\/p>\n<p class=\"postParagraph_post-paragraph__juWZN\">O governador de S\u00e3o Paulo, Tarc\u00edsio de Freitas (Republicanos), \u00e9 o principal cotado para assumir a corrida eleitoral no campo da direita, por\u00e9m, ele nega a inten\u00e7\u00e3o de disputar a presid\u00eancia e reitera o apoio a Bolsonaro.<\/p>\n<h2 class=\"postParagraph_post-paragraph__juWZN postParagraph_type-tag-h2__TtFkT\">N\u00e3o se pode \u201cgovernar com a cabe\u00e7a\u201d, diz Lula<\/h2>\n<p class=\"postParagraph_post-paragraph__juWZN\">Durante o discurso, o petista disse ainda que n\u00e3o se pode \u201cgovernar com a cabe\u00e7a\u201d para atender a popula\u00e7\u00e3o mais vulner\u00e1vel. \u201cPara cuidar da parte mais pobre do Brasil, voc\u00ea n\u00e3o governa com a cabe\u00e7a. Ou voc\u00ea tem cora\u00e7\u00e3o, tem sentimento ou n\u00e3o governa\u201d, disse.<\/p>\n<p class=\"postParagraph_post-paragraph__juWZN\">Lula participou da cerim\u00f4nia de assinatura da ordem de servi\u00e7o no valor de R$ 491,3 milh\u00f5es para a duplica\u00e7\u00e3o da capacidade de bombeamento de \u00e1gua do Eixo Norte do Projeto de Integra\u00e7\u00e3o do S\u00e3o Francisco, em Salgueiro (PE).<\/p>\n<p class=\"postParagraph_post-paragraph__juWZN\">Este foi o primeiro discurso p\u00fablico do mandat\u00e1rio ap\u00f3s a crise de labirintite que teve in\u00edcio na segunda (26). Lula tamb\u00e9m precisou cancelar compromissos na ter\u00e7a (27) em raz\u00e3o do mal estar.<\/p>\n<\/div>\n<p><br \/>\n<br \/>Fonte: <a href=\"https:\/\/www.gazetadopovo.com.br\/republica\/lula-adota-tom-de-campanha-povo-nao-pode-votar-em-qualquer-tranqueira\/\">Revista Oeste<\/a><\/p>\n","protected":false},"excerpt":{"rendered":"<p>O presidente Luiz In\u00e1cio Lula da Silva (PT) afirmou nesta quarta-feira (28) que a popula\u00e7\u00e3o n\u00e3o pode votar em \u201cqualquer tranqueira\u201d para governar o pa\u00eds nas elei\u00e7\u00f5es de 2026. O petista aproveitou o evento oficial do governo no munic\u00edpio de Salgueiro (PE) para atacar os ex-presidentes Jair Bolsonaro (PL) e Michel Temer (MDB). \u201cO compromisso [&hellip;]<\/p>\n","protected":false},"author":5,"featured_media":17885,"comment_status":"open","ping_status":"open","sticky":false,"template":"","format":"standard","meta":{"_seopress_robots_primary_cat":"","_seopress_titles_title":"","_seopress_titles_desc":"","_seopress_robots_index":"","footnotes":""},"categories":[1],"tags":[],"class_list":["post-23835","post","type-post","status-publish","format-standard","has-post-thumbnail","hentry","category-ultimas-noticias"],"_links":{"self":[{"href":"https:\/\/mussicom.com\/noticias\/wp-json\/wp\/v2\/posts\/23835","targetHints":{"allow":["GET"]}}],"collection":[{"href":"https:\/\/mussicom.com\/noticias\/wp-json\/wp\/v2\/posts"}],"about":[{"href":"https:\/\/mussicom.com\/noticias\/wp-json\/wp\/v2\/types\/post"}],"author":[{"embeddable":true,"href":"https:\/\/mussicom.com\/noticias\/wp-json\/wp\/v2\/users\/5"}],"replies":[{"embeddable":true,"href":"https:\/\/mussicom.com\/noticias\/wp-json\/wp\/v2\/comments?post=23835"}],"version-history":[{"count":0,"href":"https:\/\/mussicom.com\/noticias\/wp-json\/wp\/v2\/posts\/23835\/revisions"}],"wp:featuredmedia":[{"embeddable":true,"href":"https:\/\/mussicom.com\/noticias\/wp-json\/wp\/v2\/media\/17885"}],"wp:attachment":[{"href":"https:\/\/mussicom.com\/noticias\/wp-json\/wp\/v2\/media?parent=23835"}],"wp:term":[{"taxonomy":"category","embeddable":true,"href":"https:\/\/mussicom.com\/noticias\/wp-json\/wp\/v2\/categories?post=23835"},{"taxonomy":"post_tag","embeddable":true,"href":"https:\/\/mussicom.com\/noticias\/wp-json\/wp\/v2\/tags?post=23835"}],"curies":[{"name":"wp","href":"https:\/\/api.w.org\/{rel}","templated":true}]}}