{"id":23797,"date":"2025-05-28T23:48:43","date_gmt":"2025-05-29T02:48:43","guid":{"rendered":"https:\/\/mussicom.com\/sao-vicente-exibe-documentarios-que-celebram-a-arte-a-ancestralidade-e-a-forca-das-periferias\/"},"modified":"2025-05-28T23:48:43","modified_gmt":"2025-05-29T02:48:43","slug":"sao-vicente-exibe-documentarios-que-celebram-a-arte-a-ancestralidade-e-a-forca-das-periferias","status":"publish","type":"post","link":"https:\/\/mussicom.com\/noticias\/sao-vicente-exibe-documentarios-que-celebram-a-arte-a-ancestralidade-e-a-forca-das-periferias\/","title":{"rendered":"S\u00e3o Vicente exibe document\u00e1rios que celebram a arte, a ancestralidade e a for\u00e7a das periferias"},"content":{"rendered":"<p> <br \/>\n<\/p>\n<div id=\"texto\">\n<p>Em 30 de maio (sexta-feira), a partir das 18h, o Multicultural, na Pra\u00e7a 22 de Janeiro (Centro), exibir\u00e1 diversas sess\u00f5es gratuitas de projetos, document\u00e1rios e filmes a fim de fomentar a cultura e facilitar o acesso \u00e0 ela na Cidade, al\u00e9m de promover a forma\u00e7\u00e3o de novos p\u00fablicos e a circula\u00e7\u00e3o de obras em S\u00e3o Vicente.<\/p>\n<p>\u00a0<\/p>\n<p>A\u00a0sess\u00e3o, gratuita, traz\u00a0temas urgentes e emocionantes que atravessam arte, ancestralidade, protagonismo feminino, periferia e resist\u00eancia. A iniciativa \u00e9 patrocinada pelo ponto MIS, programa de difus\u00e3o cultural do Museu da Imagem e do Som (MIS) de S\u00e3o Paulo, em parceria com a Secretaria de Cultura (Secult).<\/p>\n<p>\u00a0<\/p>\n<p>O destaque da noite do dia 16 \u00e9 o filme Xingu-Tokyo: Uma Conex\u00e3o Ancestral, produzido por Sylvio Rocha com dire\u00e7\u00e3o de Marisa Moreira Salles, Pedro Jezler, Rafael Costa e Tomas Alvim. O filme promove um di\u00e1logo entre culturas ao retratar a exposi\u00e7\u00e3o de bancos ind\u00edgenas brasileiros no Museu Metropolitano de Arte Teien, em T\u00f3quio, revelando a sofistica\u00e7\u00e3o da arte dos povos origin\u00e1rios do Xingu e suas conex\u00f5es com o Jap\u00e3o.<\/p>\n<p>\u00a0<\/p>\n<p>Nascer, dirigido por Luciano Oreggia, aborda o parto humanizado no Brasil com sensibilidade e profundidade, refletindo sobre o papel da mulher no processo de gerar e trazendo \u00e0 tona uma discuss\u00e3o fundamental sobre autonomia, direitos reprodutivos e maternidade.<\/p>\n<p>\u00a0<\/p>\n<p>Em Passo a Passo: A Hist\u00f3ria do Ballet de Parais\u00f3polis, Raphael Scire conta os 10 anos do Ballet de Parais\u00f3polis, uma hist\u00f3ria inspiradora de arte e transforma\u00e7\u00e3o social, protagonizada por sua fundadora, Monica Tarrag\u00f3 e por jovens da favela que veem na dan\u00e7a um caminho de esperan\u00e7a.<\/p>\n<p>\u00a0<\/p>\n<p>J\u00e1 o curta-metragem Projeta Quebrada, de Fernanda Fraz\u00e3o e Karol Maia, tamb\u00e9m com produ\u00e7\u00e3o de Sylvio Rocha, destaca projetos perif\u00e9ricos que promovem solu\u00e7\u00f5es criativas e coletivas em \u00e1reas como cultura, tecnologia, moda e sustentabilidade, mostrando a pot\u00eancia da favela como espa\u00e7o de inova\u00e7\u00e3o e resist\u00eancia.<\/p>\n<p>\u00a0<\/p>\n<p>Esses document\u00e1rios s\u00e3o um retrato pulsante do Brasil profundo e plural, e convidam o p\u00fablico a enxergar realidades que muitas vezes ficam \u00e0 margem, mas que t\u00eam muito a dizer \u2013 e a transformar.<\/p>\n<\/p><\/div>\n<p><script async defer crossorigin=\"anonymous\" src=\"https:\/\/connect.facebook.net\/pt_BR\/sdk.js#xfbml=1&#038;version=v12.0&#038;appId=&#038;autoLogAppEvents=1\" nonce=\"ou0fI1lo\"><\/script><br \/>\n<br \/><br \/>\n<br \/>Fonte: <a href=\"https:\/\/www.bs9.com.br\/litoral\/sao-vicente-exibe-documentarios-que-celebram-a-arte-a-ancestralidade\/32030\/\">BS9<\/a><\/p>\n","protected":false},"excerpt":{"rendered":"<p>Em 30 de maio (sexta-feira), a partir das 18h, o Multicultural, na Pra\u00e7a 22 de Janeiro (Centro), exibir\u00e1 diversas sess\u00f5es gratuitas de projetos, document\u00e1rios e filmes a fim de fomentar a cultura e facilitar o acesso \u00e0 ela na Cidade, al\u00e9m de promover a forma\u00e7\u00e3o de novos p\u00fablicos e a circula\u00e7\u00e3o de obras em S\u00e3o [&hellip;]<\/p>\n","protected":false},"author":5,"featured_media":23798,"comment_status":"open","ping_status":"open","sticky":false,"template":"","format":"standard","meta":{"_seopress_robots_primary_cat":"","_seopress_titles_title":"","_seopress_titles_desc":"","_seopress_robots_index":"","footnotes":""},"categories":[52],"tags":[],"class_list":["post-23797","post","type-post","status-publish","format-standard","has-post-thumbnail","hentry","category-santoseregiao"],"_links":{"self":[{"href":"https:\/\/mussicom.com\/noticias\/wp-json\/wp\/v2\/posts\/23797","targetHints":{"allow":["GET"]}}],"collection":[{"href":"https:\/\/mussicom.com\/noticias\/wp-json\/wp\/v2\/posts"}],"about":[{"href":"https:\/\/mussicom.com\/noticias\/wp-json\/wp\/v2\/types\/post"}],"author":[{"embeddable":true,"href":"https:\/\/mussicom.com\/noticias\/wp-json\/wp\/v2\/users\/5"}],"replies":[{"embeddable":true,"href":"https:\/\/mussicom.com\/noticias\/wp-json\/wp\/v2\/comments?post=23797"}],"version-history":[{"count":0,"href":"https:\/\/mussicom.com\/noticias\/wp-json\/wp\/v2\/posts\/23797\/revisions"}],"wp:featuredmedia":[{"embeddable":true,"href":"https:\/\/mussicom.com\/noticias\/wp-json\/wp\/v2\/media\/23798"}],"wp:attachment":[{"href":"https:\/\/mussicom.com\/noticias\/wp-json\/wp\/v2\/media?parent=23797"}],"wp:term":[{"taxonomy":"category","embeddable":true,"href":"https:\/\/mussicom.com\/noticias\/wp-json\/wp\/v2\/categories?post=23797"},{"taxonomy":"post_tag","embeddable":true,"href":"https:\/\/mussicom.com\/noticias\/wp-json\/wp\/v2\/tags?post=23797"}],"curies":[{"name":"wp","href":"https:\/\/api.w.org\/{rel}","templated":true}]}}