{"id":23726,"date":"2025-05-28T16:18:30","date_gmt":"2025-05-28T19:18:30","guid":{"rendered":"https:\/\/mussicom.com\/sesc-sp-promove-30a-aniversario-do-dia-do-desafio-contra-sedentarismo\/"},"modified":"2025-05-28T16:18:30","modified_gmt":"2025-05-28T19:18:30","slug":"sesc-sp-promove-30a-aniversario-do-dia-do-desafio-contra-sedentarismo","status":"publish","type":"post","link":"https:\/\/mussicom.com\/noticias\/sesc-sp-promove-30a-aniversario-do-dia-do-desafio-contra-sedentarismo\/","title":{"rendered":"Sesc SP promove 30\u00aa anivers\u00e1rio do Dia do Desafio contra sedentarismo"},"content":{"rendered":"<p> <br \/>\n<\/p>\n<div>\n<p>Para celebrar os <strong>30 anos do Dia do Desafio<\/strong>,<strong> <\/strong>comemorado nesta quarta-feira (28)<strong>, as unidades do Sesc na capital paulista, regi\u00e3o metropolitana de S\u00e3o Paulo<\/strong>, interior e litoral, al\u00e9m das institui\u00e7\u00f5es parceiras, <strong>disponibilizam para o p\u00fablico de todas as idades variadas atividades, propondo a ocupa\u00e7\u00e3o de espa\u00e7os para viv\u00eancias e pr\u00e1ticas f\u00edsico esportivas<\/strong>. Tradicionalmente o <strong>Dia do Desafio re\u00fane mais de 3.500 organiza\u00e7\u00f5es em cerca de 14 pa\u00edses,<\/strong> e neste ano tem como prop\u00f3sito i<strong>ncentivar o movimento como um direito de todos, <\/strong>a qualquer momento e em qualquer lugar.<img decoding=\"async\" src=\"https:\/\/agenciabrasil.ebc.com.br\/ebc.gif?id=1644577&amp;o=node\" style=\"width:1px; height:1px; display:inline;\"\/><\/p>\n<p>Segundo a organiza\u00e7\u00e3o, a <strong>edi\u00e7\u00e3o de 2025 <\/strong>refor\u00e7a o compromisso com o <strong>Plano de A\u00e7\u00e3o Global sobre Atividade F\u00edsica (GAPPA) 2018-2030 da OMS,<\/strong> <strong>baseado em quatro pilares<\/strong>: sociedades, ambientes, sistemas e pessoas mais ativas. Com base nisso, o Sesc S\u00e3o Paulo lan\u00e7ou a Carta de Compromisso \u201c5% mais ativos\u201d, que convida munic\u00edpios do estado a assumirem o desafio de aumentar em 5% o n\u00famero de pessoas ativas em suas comunidades nos pr\u00f3ximos quatro anos, promovendo qualidade de vida e sa\u00fade, com especial aten\u00e7\u00e3o \u00e0queles que t\u00eam menos oportunidades de acesso \u00e0 atividade f\u00edsica.<\/p>\n<blockquote>\n<p>\u201cQue neste ciclo possamos avan\u00e7ar no prop\u00f3sito de ter mais pessoas ativas para um mundo mais saud\u00e1vel, promovendo ambientes que valorizem o direito das pessoas ao acesso, \u00e0 pr\u00e1tica e aos benef\u00edcios da atividade f\u00edsica\u201d, disse o diretor regional do Sesc S\u00e3o Paulo, Luiz Galina.<\/p>\n<\/blockquote>\n<p>A gerente de Desenvolvimento F\u00edsico-Esportivo do Sesc S\u00e3o Paulo e coordenadora do Dia do Desafio no Continente Americano, Carol Seixas, afirmou que al\u00e9m de incentivar a pr\u00e1tica individual, o Dia do Desafio promove a uni\u00e3o de <strong>esfor\u00e7os entre setores, formando uma rede de governan\u00e7a e lideran\u00e7a<\/strong> que viabiliza o desenvolvimento de a\u00e7\u00f5es sustent\u00e1veis e eficazes.<\/p>\n<blockquote>\n<p>\u201cCelebramos com entusiasmo mais uma edi\u00e7\u00e3o da campanha, que visa conscientizar indiv\u00edduos, comunidades, organiza\u00e7\u00f5es e gestores p\u00fablicos sobre os benef\u00edcios da atividade f\u00edsica. Com programas que incentivam a pr\u00e1tica esportiva e priorizam o acesso dos menos ativos, buscamos fortalecer parcerias e lideran\u00e7as que promovam a\u00e7\u00f5es acess\u00edveis e sustent\u00e1veis, criando uma rede de apoio duradoura para o engajamento em atividade f\u00edsica\u201d.<\/p>\n<\/blockquote>\n<p>&gt;&gt; Siga o perfil da <strong>Ag\u00eancia Brasil<\/strong> no Facebook\u00a0<\/p>\n<p>Entre os destaques da programa\u00e7\u00e3o do Sesc neste ano, est\u00e3o <strong>encontros com atletas do cen\u00e1rio esportivo nacional<\/strong>, que participar\u00e3o de viv\u00eancias e demonstra\u00e7\u00f5es, al\u00e9m de relembrar suas trajet\u00f3rias. O p\u00fablico ter\u00e1 a oportunidade de participar de atividades tanto nas unidades do Sesc quanto em espa\u00e7os p\u00fablicos ou locais geridos por institui\u00e7\u00f5es parceiras que participam da campanha.<\/p>\n<p><strong>No Brasil, a edi\u00e7\u00e3o de 2024 do Dia do Desafio contou com a participa\u00e7\u00e3o de 20 estados, 894 cidades e 1007 institui\u00e7\u00f5es, que somaram 115.083 atividades e 4.836.921 pessoas atendidas<\/strong>. Fora do Brasil, a <strong>campanha contou com a participa\u00e7\u00e3o de 12 pa\u00edses e 59 institui\u00e7\u00f5es, que totalizaram 12.934 atividades e 923.244 pessoas atendidas<\/strong>.<\/p>\n<p>Mais informa\u00e7\u00f5es sobre as atividades podem ser consultadas nos <em>sites<\/em> www.sescsp.org.br\/diadodesafio; www.diadodesafio.org.br .<\/p>\n<p>\u00a0<\/p>\n<p>      <!-- Relacionada --><\/p>\n<p>            <!-- Relacionada -->\n    <\/div>\n<p><br \/>\n<br \/>Fonte: <a href=\"https:\/\/agenciabrasil.ebc.com.br\/saude\/noticia\/2025-05\/sesc-sp-promove-30a-aniversario-do-dia-do-desafio-contra-sedentarismo\">Ag\u00eancia Brasil<\/a><\/p>\n","protected":false},"excerpt":{"rendered":"<p>Para celebrar os 30 anos do Dia do Desafio, comemorado nesta quarta-feira (28), as unidades do Sesc na capital paulista, regi\u00e3o metropolitana de S\u00e3o Paulo, interior e litoral, al\u00e9m das institui\u00e7\u00f5es parceiras, disponibilizam para o p\u00fablico de todas as idades variadas atividades, propondo a ocupa\u00e7\u00e3o de espa\u00e7os para viv\u00eancias e pr\u00e1ticas f\u00edsico esportivas. Tradicionalmente o [&hellip;]<\/p>\n","protected":false},"author":5,"featured_media":23727,"comment_status":"open","ping_status":"open","sticky":false,"template":"","format":"standard","meta":{"_seopress_robots_primary_cat":"","_seopress_titles_title":"","_seopress_titles_desc":"","_seopress_robots_index":"","footnotes":""},"categories":[46],"tags":[],"class_list":["post-23726","post","type-post","status-publish","format-standard","has-post-thumbnail","hentry","category-saude"],"_links":{"self":[{"href":"https:\/\/mussicom.com\/noticias\/wp-json\/wp\/v2\/posts\/23726","targetHints":{"allow":["GET"]}}],"collection":[{"href":"https:\/\/mussicom.com\/noticias\/wp-json\/wp\/v2\/posts"}],"about":[{"href":"https:\/\/mussicom.com\/noticias\/wp-json\/wp\/v2\/types\/post"}],"author":[{"embeddable":true,"href":"https:\/\/mussicom.com\/noticias\/wp-json\/wp\/v2\/users\/5"}],"replies":[{"embeddable":true,"href":"https:\/\/mussicom.com\/noticias\/wp-json\/wp\/v2\/comments?post=23726"}],"version-history":[{"count":0,"href":"https:\/\/mussicom.com\/noticias\/wp-json\/wp\/v2\/posts\/23726\/revisions"}],"wp:featuredmedia":[{"embeddable":true,"href":"https:\/\/mussicom.com\/noticias\/wp-json\/wp\/v2\/media\/23727"}],"wp:attachment":[{"href":"https:\/\/mussicom.com\/noticias\/wp-json\/wp\/v2\/media?parent=23726"}],"wp:term":[{"taxonomy":"category","embeddable":true,"href":"https:\/\/mussicom.com\/noticias\/wp-json\/wp\/v2\/categories?post=23726"},{"taxonomy":"post_tag","embeddable":true,"href":"https:\/\/mussicom.com\/noticias\/wp-json\/wp\/v2\/tags?post=23726"}],"curies":[{"name":"wp","href":"https:\/\/api.w.org\/{rel}","templated":true}]}}