{"id":23614,"date":"2025-05-28T00:54:45","date_gmt":"2025-05-28T03:54:45","guid":{"rendered":"https:\/\/mussicom.com\/lula-indica-juiz-apoiado-por-nunes-marques-para-vaga-no-stj\/"},"modified":"2025-05-28T00:54:45","modified_gmt":"2025-05-28T03:54:45","slug":"lula-indica-juiz-apoiado-por-nunes-marques-para-vaga-no-stj","status":"publish","type":"post","link":"https:\/\/mussicom.com\/noticias\/lula-indica-juiz-apoiado-por-nunes-marques-para-vaga-no-stj\/","title":{"rendered":"Lula indica juiz apoiado por Nunes Marques para vaga no STJ"},"content":{"rendered":"<p> <br \/>\n<\/p>\n<div>\n<p class=\"postParagraph_post-paragraph__juWZN\">O presidente Luiz In\u00e1cio Lula da Silva (PT) indicou nesta ter\u00e7a-feira (27) o desembargador Carlos Augusto Pires Brand\u00e3o, do Tribunal Regional Federal da 1\u00aa Regi\u00e3o (TRF1), para ocupar uma vaga no Superior Tribunal de Justi\u00e7a (STJ). A escolha foi publicada em uma edi\u00e7\u00e3o extra do Di\u00e1rio Oficial da Uni\u00e3o (DOU).<\/p>\n<p class=\"postParagraph_post-paragraph__juWZN\">O ministro do Supremo Tribunal Federal (STF) Nunes Marques, que tamb\u00e9m atuava no TRF1, foi um dos fiadores de Brand\u00e3o na disputa. Nunes Marques assumir\u00e1 a presid\u00eancia do Tribunal Superior Eleitoral (TSE) no final de agosto de 2025. J\u00e1 os ministros Fl\u00e1vio Dino e Gilmar Mendes faziam oposi\u00e7\u00e3o \u00e0 indica\u00e7\u00e3o.<\/p>\n<p class=\"postParagraph_post-paragraph-innerHtml__Q5vwc\">Antes da defini\u00e7\u00e3o da lista tr\u00edplice, os dois defendiam a escolha do desembargador Ney Bello para o cargo, que foi preterido pelo STJ. A vaga da Justi\u00e7a Federal no Tribunal foi disputada por Brand\u00e3o e pelas desembargadoras Daniele Maranh\u00e3o Costa, do TR1, e Marisa Ferreira dos Santos, do Tribunal Regional Federal da 3\u00aa Regi\u00e3o (TRF3).<\/p>\n<div class=\"postViewMore_post-view-more-container___5wai\" data-mrf-recirculation=\"Post - Veja tamb\u00e9m\">\n<p class=\"gp-styles-module-size-small-afeYRa gp-styles-module-font-family2-afeYRa gp-styles-module-color-secondary-afeYRa gp-styles-module-weight-bold-afeYRa\">VEJA TAMB\u00c9M:<\/p>\n<ul class=\"postViewMore_post-view-more-list__CU_CE\">\n<li class=\"postViewMore_post-view-more-item__2MzRb\"><span class=\"postViewMore_post-view-more-link-icon___stPC\"><svg xmlns=\"http:\/\/www.w3.org\/2000\/svg\" width=\"16\" height=\"16\" viewbox=\"0 0 16 16\"><rect width=\"16\" height=\"16\" fill=\"none\"\/><g transform=\"translate(3 3)\"><path d=\"M22.5,15l3.4,3.4-3.4,3.4\" transform=\"translate(-15.896 -11.793)\" fill=\"none\" stroke=\"#717171\" stroke-linecap=\"round\" stroke-width=\"1.4\"\/><path d=\"M6,6v4.2a2.452,2.452,0,0,0,2.5,2.4H16\" transform=\"translate(-6 -6)\" fill=\"none\" stroke=\"#717171\" stroke-linecap=\"round\" stroke-width=\"1.4\"\/><\/g><\/svg><\/span><span class=\"postViewMore_post-view-more-link-text__hO_kM\">Oposi\u00e7\u00e3o e Centr\u00e3o articulam derrubada do aumento do IOF\u00a0e governo amea\u00e7a bloqueio de emendas<\/span><\/li>\n<\/ul>\n<\/div>\n<p class=\"postParagraph_post-paragraph__juWZN\">O desembargador contou ainda com o apoio de petistas, como o governador do Piau\u00ed, Rafael Fonteles, e o ministro do Desenvolvimento Social, Wellington Dias, que agradeceu ao presidente pela escolha do aliado.<\/p>\n<p class=\"postParagraph_post-paragraph__juWZN\">\u201cEscolhas como essa nunca s\u00e3o simples, mas posso afirmar com convic\u00e7\u00e3o: o Brasil ganha um ministro do STJ profundamente preparado, com vasta experi\u00eancia, s\u00f3lida trajet\u00f3ria de defesa da seguran\u00e7a jur\u00eddica, da democracia e do desenvolvimento com justi\u00e7a social e sustentabilidade\u201d, afirmou Dias no Instagram.<\/p>\n<p class=\"postParagraph_post-paragraph__juWZN\">Lula recebeu as indica\u00e7\u00f5es do Tribunal em outubro de 2024. Ap\u00f3s sete meses de impasse, Lula ainda precisa escolher um membro do Minist\u00e9rio P\u00fablico para ocupar a vaga aberta com a aposentadoria da ministra Laurita Vaz. Formam a lista tr\u00edplice do MP: Marluce Caldas (MP de Alagoas), Sammy Barbosa (MP do Acre) e Carlos Frederico Santos, subprocurador-geral da Rep\u00fablica.<\/p>\n<h2 class=\"postParagraph_post-paragraph__juWZN postParagraph_type-tag-h2__TtFkT\">Indicado de Lula para STJ precisa ser aprovado pelo Senado<\/h2>\n<p class=\"postParagraph_post-paragraph__juWZN\">O indicado de Lula precisa ser aprovado pela Comiss\u00e3o de Constitui\u00e7\u00e3o e Justi\u00e7a (CCJ) e pelo plen\u00e1rio do Senado. A data da sabatina ainda n\u00e3o foi marcada. Caso a indica\u00e7\u00e3o seja formalizada, Brand\u00e3o ocupar\u00e1 a vaga deixada pela aposentadoria da ministra Assusete Magalh\u00e3es. Ele foi nomeado desembargador federal pela ex-presidente Dilma Rousseff (PT) em 2015.<\/p>\n<p class=\"postParagraph_post-paragraph__juWZN\">Carlos Augusto Pires Brand\u00e3o \u00e9 mestre em direito pela Universidade Federal de Pernambuco (UFPE) e doutor em ci\u00eancias jur\u00eddicas pela Universidade Federal da Para\u00edba (UFPB). Natural de Teresina, tomou posse como juiz em 1997 e ocupa o cargo de desembargador do TRF1, localizado em Bras\u00edlia, desde 2015. \u00c9 professor do Departamento de Ci\u00eancias Jur\u00eddicas da Universidade Federal do Piau\u00ed (UFPI).<\/p>\n<\/div>\n<p><br \/>\n<br \/>Fonte: <a href=\"https:\/\/www.gazetadopovo.com.br\/republica\/lula-indica-desembargador-apoiado-por-nunes-marques-para-vaga-no-stj\/\">Revista Oeste<\/a><\/p>\n","protected":false},"excerpt":{"rendered":"<p>O presidente Luiz In\u00e1cio Lula da Silva (PT) indicou nesta ter\u00e7a-feira (27) o desembargador Carlos Augusto Pires Brand\u00e3o, do Tribunal Regional Federal da 1\u00aa Regi\u00e3o (TRF1), para ocupar uma vaga no Superior Tribunal de Justi\u00e7a (STJ). A escolha foi publicada em uma edi\u00e7\u00e3o extra do Di\u00e1rio Oficial da Uni\u00e3o (DOU). O ministro do Supremo Tribunal [&hellip;]<\/p>\n","protected":false},"author":5,"featured_media":23615,"comment_status":"open","ping_status":"open","sticky":false,"template":"","format":"standard","meta":{"_seopress_robots_primary_cat":"","_seopress_titles_title":"","_seopress_titles_desc":"","_seopress_robots_index":"","footnotes":""},"categories":[1],"tags":[],"class_list":["post-23614","post","type-post","status-publish","format-standard","has-post-thumbnail","hentry","category-ultimas-noticias"],"_links":{"self":[{"href":"https:\/\/mussicom.com\/noticias\/wp-json\/wp\/v2\/posts\/23614","targetHints":{"allow":["GET"]}}],"collection":[{"href":"https:\/\/mussicom.com\/noticias\/wp-json\/wp\/v2\/posts"}],"about":[{"href":"https:\/\/mussicom.com\/noticias\/wp-json\/wp\/v2\/types\/post"}],"author":[{"embeddable":true,"href":"https:\/\/mussicom.com\/noticias\/wp-json\/wp\/v2\/users\/5"}],"replies":[{"embeddable":true,"href":"https:\/\/mussicom.com\/noticias\/wp-json\/wp\/v2\/comments?post=23614"}],"version-history":[{"count":0,"href":"https:\/\/mussicom.com\/noticias\/wp-json\/wp\/v2\/posts\/23614\/revisions"}],"wp:featuredmedia":[{"embeddable":true,"href":"https:\/\/mussicom.com\/noticias\/wp-json\/wp\/v2\/media\/23615"}],"wp:attachment":[{"href":"https:\/\/mussicom.com\/noticias\/wp-json\/wp\/v2\/media?parent=23614"}],"wp:term":[{"taxonomy":"category","embeddable":true,"href":"https:\/\/mussicom.com\/noticias\/wp-json\/wp\/v2\/categories?post=23614"},{"taxonomy":"post_tag","embeddable":true,"href":"https:\/\/mussicom.com\/noticias\/wp-json\/wp\/v2\/tags?post=23614"}],"curies":[{"name":"wp","href":"https:\/\/api.w.org\/{rel}","templated":true}]}}