{"id":23556,"date":"2025-05-27T17:08:36","date_gmt":"2025-05-27T20:08:36","guid":{"rendered":"https:\/\/mussicom.com\/fui-feito-para-ser-pai\/"},"modified":"2025-05-27T17:08:36","modified_gmt":"2025-05-27T20:08:36","slug":"fui-feito-para-ser-pai","status":"publish","type":"post","link":"https:\/\/mussicom.com\/noticias\/fui-feito-para-ser-pai\/","title":{"rendered":"&#8216;Fui feito para ser pai&#8217;"},"content":{"rendered":"<p> <br \/>\n<\/p>\n<div>\n<p data-end=\"558\" data-start=\"191\"><strong data-end=\"212\" data-start=\"191\">Machine Gun Kelly<\/strong> fez um coment\u00e1rio raro sobre a filha que teve com <strong data-end=\"276\" data-start=\"263\">Megan Fox<\/strong>, durante o tapete vermelho do <strong data-end=\"337\" data-start=\"307\">American Music Awards 2025<\/strong>, realizado na noite de segunda-feira, 26 de maio, em <strong data-end=\"408\" data-start=\"395\">Las Vegas<\/strong>. O rapper de 35 anos, cujo nome verdadeiro \u00e9 <strong data-end=\"470\" data-start=\"454\">Colson Baker<\/strong>, afirmou estar vivendo um momento especial ao lado da beb\u00ea, nascida em 27 de mar\u00e7o.<\/p>\n<blockquote class=\"citacao\" data-end=\"668\" data-start=\"562\"><p>\u201cEstou simplesmente radiante\u201d, disse o artista em entrevista \u00e0 <em data-end=\"640\" data-start=\"625\">Access Online<\/em>. \u201c\u00c9 simplesmente incr\u00edvel.\u201d<\/p><\/blockquote>\n<p data-end=\"770\" data-start=\"670\">MGK, que j\u00e1 \u00e9 pai de <strong data-end=\"700\" data-start=\"691\">Casie<\/strong>, de 15 anos, falou com carinho sobre estar em \u201cmodo pai\u201d novamente:<\/p>\n<blockquote class=\"citacao\" data-end=\"888\" data-start=\"773\"><p>\u201cElas t\u00eam um cheiro t\u00e3o bom. Eu fui feito para ser pai\u201d, comentou, imitando o gesto de quem segura um beb\u00ea no colo.<\/p><\/blockquote>\n<blockquote class=\"twitter-tweet\">\n<p dir=\"ltr\" lang=\"en\">Machine Gun Kelly and his daughter Casie Colson Baker <a href=\"https:\/\/t.co\/i5Vy2oztkY\">pic.twitter.com\/i5Vy2oztkY<\/a><\/p>\n<p>&#13;<br \/>\n\u2014 Kyle (@WordsByKyle) <a href=\"https:\/\/twitter.com\/WordsByKyle\/status\/1462580701212069893?ref_src=twsrc%5Etfw\">November 22, 2021<\/a><\/p><\/blockquote>\n<p data-end=\"1042\" data-start=\"890\">Em outro trecho da entrevista, desta vez \u00e0 <em data-end=\"942\" data-start=\"933\">E! News<\/em>, o rapper explicou que n\u00e3o permaneceria muito tempo na premia\u00e7\u00e3o porque a filha estava com febre.<\/p>\n<blockquote class=\"citacao\" data-end=\"1163\" data-start=\"1045\"><p>\u201cVou s\u00f3 passar pelo tapete e voltar, sabe? Preciso cuidar dela. Dar meus ferom\u00f4nios e ajudar na recupera\u00e7\u00e3o\u201d, brincou.<\/p><\/blockquote>\n<blockquote class=\"twitter-tweet\" data-media-max-width=\"560\">\n<p dir=\"ltr\" lang=\"en\">mgk: &#8220;I was born to be a dad. It&#8217;s my purpose.&#8221; Almost everything mgk said about the newborn baby, Casie, Megan Fox, and fatherhood at the 2025 American Music Awards:<a href=\"https:\/\/twitter.com\/hashtag\/mgk?ref_src=twsrc%5Etfw&amp;src=hash\">#mgk<\/a><a href=\"https:\/\/twitter.com\/hashtag\/machinegunkelly?ref_src=twsrc%5Etfw&amp;src=hash\">#machinegunkelly<\/a><a href=\"https:\/\/twitter.com\/hashtag\/colsonbaker?ref_src=twsrc%5Etfw&amp;src=hash\">#colsonbaker<\/a> machine gun kelly, pete davidson, clich\u00e9 <a href=\"https:\/\/twitter.com\/hashtag\/AMAs?ref_src=twsrc%5Etfw&amp;src=hash\">#AMAs<\/a><a href=\"https:\/\/twitter.com\/AMAs?ref_src=twsrc%5Etfw\">@AMAs<\/a><a href=\"https:\/\/t.co\/3TgMH5itcO\">pic.twitter.com\/3TgMH5itcO<\/a><\/p>\n<p>&#13;<br \/>\n\u2014 mgkmagic (@mgkmagic) <a href=\"https:\/\/twitter.com\/mgkmagic\/status\/1927213704640081977?ref_src=twsrc%5Etfw\">May 27, 2025<\/a><\/p><\/blockquote>\n<h2 data-end=\"1213\" data-start=\"1170\"><strong data-end=\"1213\" data-start=\"1170\">Rela\u00e7\u00e3o com Megan Fox e coparentalidade<\/strong><\/h2>\n<p data-end=\"1526\" data-start=\"1215\"><strong data-end=\"1228\" data-start=\"1215\">Megan Fox<\/strong>, de 39 anos, tamb\u00e9m \u00e9 m\u00e3e de <strong data-end=\"1274\" data-start=\"1258\">Noah Shannon<\/strong> (12), <strong data-end=\"1297\" data-start=\"1281\">Bodhi Ransom<\/strong> (11) e <strong data-end=\"1322\" data-start=\"1305\">Journey River<\/strong> (8), filhos do relacionamento anterior com <strong data-end=\"1388\" data-start=\"1366\">Brian Austin Green<\/strong>. O beb\u00ea com MGK \u00e9 o primeiro do ex-casal, que se separou oficialmente em dezembro de 2024, poucas semanas ap\u00f3s anunciarem a gravidez.<\/p>\n<p data-end=\"1803\" data-start=\"1528\">A not\u00edcia do nascimento foi publicada por MGK nas redes sociais com a frase: <em data-end=\"1675\" data-start=\"1605\">\u201cEla finalmente chegou!! nossa pequena semente celestial \ud83e\udd79\ud83d\udc93\u2648\ufe0f\u2653\ufe0f\u264a\ufe0f\u201d<\/em>. O coment\u00e1rio causou confus\u00e3o entre os f\u00e3s, que acharam que \u201cCelestial Seed\u201d fosse o nome da crian\u00e7a. O rapper logo esclareceu:<\/p>\n<blockquote class=\"citacao\" data-end=\"1977\" data-start=\"1807\"><p>\u201cEspera a\u00ed, pessoal\u2026 o nome dela n\u00e3o \u00e9 \u2018Celestial Seed\u2019 \ud83e\udd23\u201d, escreveu sobre um v\u00eddeo no TikTok que especulava o nome. \u201cA m\u00e3e vai contar o nome quando estivermos prontos.\u201d<\/p><\/blockquote>\n<p data-end=\"2059\" data-start=\"1979\">Segundo fontes pr\u00f3ximas ao ex-casal, eles mant\u00eam um acordo de coparentalidade.<\/p>\n<blockquote data-end=\"2262\" data-start=\"2060\">\n<p data-end=\"2262\" data-start=\"2062\">\u201cMegan e Colson n\u00e3o voltaram. A rela\u00e7\u00e3o deles hoje \u00e9 focada exclusivamente na cria\u00e7\u00e3o da filha\u201d, revelou uma fonte \u00e0 <em data-end=\"2187\" data-start=\"2179\">People<\/em>. \u201cEle fica parte do tempo na casa dela, mas apenas para estar com a beb\u00ea.\u201d<\/p>\n<\/blockquote>\n<p data-end=\"2328\" data-is-last-node=\"\" data-is-only-node=\"\" data-start=\"2264\">A filha do ex-casal ainda n\u00e3o teve o nome revelado publicamente.<\/p>\n<\/div>\n<p><script async src=\"\/\/platform.twitter.com\/widgets.js\" charset=\"utf-8\"><\/script><br \/>\n<br \/><br \/>\n<br \/>Fonte: <a href=\"https:\/\/rollingstone.com.br\/diversos\/machine-gun-kelly-fala-sobre-filha-com-megan-fox-fui-feito-para-ser-pai\/\">rollingstone.com.br<\/a><\/p>\n","protected":false},"excerpt":{"rendered":"<p>Machine Gun Kelly fez um coment\u00e1rio raro sobre a filha que teve com Megan Fox, durante o tapete vermelho do American Music Awards 2025, realizado na noite de segunda-feira, 26 de maio, em Las Vegas. O rapper de 35 anos, cujo nome verdadeiro \u00e9 Colson Baker, afirmou estar vivendo um momento especial ao lado da [&hellip;]<\/p>\n","protected":false},"author":5,"featured_media":23557,"comment_status":"open","ping_status":"open","sticky":false,"template":"","format":"standard","meta":{"_seopress_robots_primary_cat":"","_seopress_titles_title":"","_seopress_titles_desc":"","_seopress_robots_index":"","footnotes":""},"categories":[51],"tags":[],"class_list":["post-23556","post","type-post","status-publish","format-standard","has-post-thumbnail","hentry","category-musica"],"_links":{"self":[{"href":"https:\/\/mussicom.com\/noticias\/wp-json\/wp\/v2\/posts\/23556","targetHints":{"allow":["GET"]}}],"collection":[{"href":"https:\/\/mussicom.com\/noticias\/wp-json\/wp\/v2\/posts"}],"about":[{"href":"https:\/\/mussicom.com\/noticias\/wp-json\/wp\/v2\/types\/post"}],"author":[{"embeddable":true,"href":"https:\/\/mussicom.com\/noticias\/wp-json\/wp\/v2\/users\/5"}],"replies":[{"embeddable":true,"href":"https:\/\/mussicom.com\/noticias\/wp-json\/wp\/v2\/comments?post=23556"}],"version-history":[{"count":0,"href":"https:\/\/mussicom.com\/noticias\/wp-json\/wp\/v2\/posts\/23556\/revisions"}],"wp:featuredmedia":[{"embeddable":true,"href":"https:\/\/mussicom.com\/noticias\/wp-json\/wp\/v2\/media\/23557"}],"wp:attachment":[{"href":"https:\/\/mussicom.com\/noticias\/wp-json\/wp\/v2\/media?parent=23556"}],"wp:term":[{"taxonomy":"category","embeddable":true,"href":"https:\/\/mussicom.com\/noticias\/wp-json\/wp\/v2\/categories?post=23556"},{"taxonomy":"post_tag","embeddable":true,"href":"https:\/\/mussicom.com\/noticias\/wp-json\/wp\/v2\/tags?post=23556"}],"curies":[{"name":"wp","href":"https:\/\/api.w.org\/{rel}","templated":true}]}}