{"id":23525,"date":"2025-05-27T14:15:51","date_gmt":"2025-05-27T17:15:51","guid":{"rendered":"https:\/\/mussicom.com\/cubatao-faz-evento-com-troca-de-plastico-reciclavel-por-kits-de-limpeza-ou-alimentos-em-31-de-maio\/"},"modified":"2025-05-27T14:15:51","modified_gmt":"2025-05-27T17:15:51","slug":"cubatao-faz-evento-com-troca-de-plastico-reciclavel-por-kits-de-limpeza-ou-alimentos-em-31-de-maio","status":"publish","type":"post","link":"https:\/\/mussicom.com\/noticias\/cubatao-faz-evento-com-troca-de-plastico-reciclavel-por-kits-de-limpeza-ou-alimentos-em-31-de-maio\/","title":{"rendered":"Cubat\u00e3o faz evento com troca de pl\u00e1stico recicl\u00e1vel por kits de limpeza ou alimentos em 31 de maio"},"content":{"rendered":"<p> <br \/>\n<\/p>\n<div id=\"texto\">\n<p>Cubat\u00e3o recebe no pr\u00f3ximo dia 31 de maio, das 11h \u00e0s 15h, o\u00a0<em>Plastitroque<\/em>, iniciativa apoiada pela Secretaria de Meio Ambiente, Seguran\u00e7a Clim\u00e1tica e Bem-Estar Animal (SEMAM).<\/p>\n<p>\u00a0<\/p>\n<p>A a\u00e7\u00e3o acontece no Parque Linear da Vila Fabril (Rua Faixa do Oleoduto) e prop\u00f5e a troca de res\u00edduos pl\u00e1sticos por kits de limpeza ou alimenta\u00e7\u00e3o, incentivando o descarte correto e consci\u00eancia ambiental entre os moradores. A atividade \u00e9 realizada pela empresa\u00a0\u00a0Braskem e\u00a0 Associa\u00e7\u00e3o Beneficente dos Catadores de Material Recicl\u00e1vel da Baixada Santista (ABC Marbas).\u00a0<\/p>\n<p>\u00a0<\/p>\n<p>Ao entregar 3 quilos de res\u00edduos pl\u00e1sticos, o mun\u00edcipe recebe um kit de limpeza com dois frascos de \u00e1gua sanit\u00e1ria, dois detergentes l\u00edquidos neutros, dois pacotes de sab\u00e3o em p\u00f3 e um pacote de sab\u00e3o em barra.\u00a0<\/p>\n<p>\u00a0<\/p>\n<p>J\u00e1 com 5 kg de pl\u00e1stico, \u00e9 poss\u00edvel trocar por um kit de alimenta\u00e7\u00e3o, contendo arroz, feij\u00e3o, \u00f3leo, macarr\u00e3o, molho de tomate, fub\u00e1, a\u00e7\u00facar, caf\u00e9 e sal.<\/p>\n<p>\u00a0<\/p>\n<p>Durante a a\u00e7\u00e3o, tamb\u00e9m ser\u00e3o realizadas atividades de educa\u00e7\u00e3o ambiental, com orienta\u00e7\u00f5es sobre a separa\u00e7\u00e3o adequada de res\u00edduos recicl\u00e1veis.\u00a0<\/p>\n<p>\u00a0<\/p>\n<p><strong>Confira os materiais aceitos:<\/strong><\/p>\n<table border=\"1\">&#13;<\/p>\n<tbody>&#13;<\/p>\n<tr>&#13;<\/p>\n<td><strong>Material<\/strong><\/td>\n<p>&#13;<\/p>\n<td><strong>C\u00f3digo\u00a0<\/strong><\/td>\n<p>&#13;<\/p>\n<td><strong>Exemplos<\/strong><\/td>\n<p>&#13;<br \/>\n\t\t<\/tr>\n<p>&#13;<\/p>\n<tr>&#13;<\/p>\n<td>Pl\u00e1stico duro<\/td>\n<p>&#13;<\/p>\n<td>5 ou 2<\/td>\n<p>&#13;<\/p>\n<td>Potes de cosm\u00e9ticos, baldes e brinquedos<\/td>\n<p>&#13;<br \/>\n\t\t<\/tr>\n<p>&#13;<\/p>\n<tr>&#13;<\/p>\n<td>Pl\u00e1stico mole<\/td>\n<p>&#13;<\/p>\n<td>4<\/td>\n<p>&#13;<\/p>\n<td>Sacos de alimentos e sacolas pl\u00e1sticas<\/td>\n<p>&#13;<br \/>\n\t\t<\/tr>\n<p>&#13;<\/p>\n<tr>&#13;<\/p>\n<td>Isopor<\/td>\n<p>&#13;<\/p>\n<td>7<\/td>\n<p>&#13;<\/p>\n<td>bandejas, embalagens de alimentos e de prote\u00e7\u00e3o para eletr\u00f4nicos<\/td>\n<p>&#13;<br \/>\n\t\t<\/tr>\n<p>&#13;<\/p>\n<tr>&#13;<\/p>\n<td>PET<\/td>\n<p>&#13;<\/p>\n<td>1<\/td>\n<p>&#13;<\/p>\n<td>Garrafas pl\u00e1sticas de bebidas<\/td>\n<p>&#13;<br \/>\n\t\t<\/tr>\n<p>&#13;<br \/>\n\t<\/tbody>\n<p>&#13;<br \/>\n<\/table>\n<p>\u00a0<\/p>\n<p>\u00a0<\/p>\n<p>Para saber o tipo de pl\u00e1stico, basta verificar o s\u00edmbolo triangular com o n\u00famero na embalagem. Os materiais devem estar higienizados.<\/p>\n<p>\u00a0<\/p>\n<p><strong>Sobre o Plastitroque<\/strong>\u00a0\u2013 O\u00a0<em>Plastitroque<\/em>\u00a0\u00e9 um projeto desenvolvido da Braskem com foco em economia circular e educa\u00e7\u00e3o ambiental. Desde sua cria\u00e7\u00e3o, a a\u00e7\u00e3o j\u00e1 arrecadou mais de 100 toneladas de res\u00edduos pl\u00e1sticos em comunidades pr\u00f3ximas \u00e0s opera\u00e7\u00f5es da empresa, destinando os materiais a cooperativas de reciclagem e gerando renda para os catadores.<\/p>\n<p>\u00a0<\/p>\n<p><strong>ABC Marbas \u2013\u00a0<\/strong>Em Cubat\u00e3o, a coleta seletiva \u00e9 realizada semanalmente pelos caminh\u00f5es da cooperativa ABC Marbas, que recolhem e destinam corretamente os res\u00edduos recicl\u00e1veis. A associa\u00e7\u00e3o tamb\u00e9m promove a\u00e7\u00f5es de conscientiza\u00e7\u00e3o, contribuindo ativamente para o engajamento ambiental da popula\u00e7\u00e3o.<\/p>\n<\/p><\/div>\n<p><script async defer crossorigin=\"anonymous\" src=\"https:\/\/connect.facebook.net\/pt_BR\/sdk.js#xfbml=1&#038;version=v12.0&#038;appId=&#038;autoLogAppEvents=1\" nonce=\"ou0fI1lo\"><\/script><br \/>\n<br \/><br \/>\n<br \/>Fonte: <a href=\"https:\/\/www.bs9.com.br\/litoral\/cubatao-faz-evento-com-troca-de-plastico-reciclavel-por-kits-de\/31993\/\">BS9<\/a><\/p>\n","protected":false},"excerpt":{"rendered":"<p>Cubat\u00e3o recebe no pr\u00f3ximo dia 31 de maio, das 11h \u00e0s 15h, o\u00a0Plastitroque, iniciativa apoiada pela Secretaria de Meio Ambiente, Seguran\u00e7a Clim\u00e1tica e Bem-Estar Animal (SEMAM). \u00a0 A a\u00e7\u00e3o acontece no Parque Linear da Vila Fabril (Rua Faixa do Oleoduto) e prop\u00f5e a troca de res\u00edduos pl\u00e1sticos por kits de limpeza ou alimenta\u00e7\u00e3o, incentivando o [&hellip;]<\/p>\n","protected":false},"author":5,"featured_media":23526,"comment_status":"open","ping_status":"open","sticky":false,"template":"","format":"standard","meta":{"_seopress_robots_primary_cat":"","_seopress_titles_title":"","_seopress_titles_desc":"","_seopress_robots_index":"","footnotes":""},"categories":[52],"tags":[],"class_list":["post-23525","post","type-post","status-publish","format-standard","has-post-thumbnail","hentry","category-santoseregiao"],"_links":{"self":[{"href":"https:\/\/mussicom.com\/noticias\/wp-json\/wp\/v2\/posts\/23525","targetHints":{"allow":["GET"]}}],"collection":[{"href":"https:\/\/mussicom.com\/noticias\/wp-json\/wp\/v2\/posts"}],"about":[{"href":"https:\/\/mussicom.com\/noticias\/wp-json\/wp\/v2\/types\/post"}],"author":[{"embeddable":true,"href":"https:\/\/mussicom.com\/noticias\/wp-json\/wp\/v2\/users\/5"}],"replies":[{"embeddable":true,"href":"https:\/\/mussicom.com\/noticias\/wp-json\/wp\/v2\/comments?post=23525"}],"version-history":[{"count":0,"href":"https:\/\/mussicom.com\/noticias\/wp-json\/wp\/v2\/posts\/23525\/revisions"}],"wp:featuredmedia":[{"embeddable":true,"href":"https:\/\/mussicom.com\/noticias\/wp-json\/wp\/v2\/media\/23526"}],"wp:attachment":[{"href":"https:\/\/mussicom.com\/noticias\/wp-json\/wp\/v2\/media?parent=23525"}],"wp:term":[{"taxonomy":"category","embeddable":true,"href":"https:\/\/mussicom.com\/noticias\/wp-json\/wp\/v2\/categories?post=23525"},{"taxonomy":"post_tag","embeddable":true,"href":"https:\/\/mussicom.com\/noticias\/wp-json\/wp\/v2\/tags?post=23525"}],"curies":[{"name":"wp","href":"https:\/\/api.w.org\/{rel}","templated":true}]}}