{"id":23512,"date":"2025-05-27T13:14:41","date_gmt":"2025-05-27T16:14:41","guid":{"rendered":"https:\/\/mussicom.com\/papagaio-de-cara-roxa-e-definido-como-a-ave-simbolo-de-itanhaem\/"},"modified":"2025-05-27T13:14:41","modified_gmt":"2025-05-27T16:14:41","slug":"papagaio-de-cara-roxa-e-definido-como-a-ave-simbolo-de-itanhaem","status":"publish","type":"post","link":"https:\/\/mussicom.com\/noticias\/papagaio-de-cara-roxa-e-definido-como-a-ave-simbolo-de-itanhaem\/","title":{"rendered":"Papagaio-de-cara-roxa \u00e9 definido como a ave s\u00edmbolo de Itanha\u00e9m"},"content":{"rendered":"<p> <br \/>\n<\/p>\n<div id=\"texto\">\n<p>Encerrando o\u00a0Concurso Ave S\u00edmbolo de Itanha\u00e9m, a Comiss\u00e3o de Educa\u00e7\u00e3o Ambiental do Conselho Municipal de Defesa do Meio Ambiente (Comdema) definiu, nesta ter\u00e7a-feira (20), o Papagaio-de-cara-roxa como a ave s\u00edmbolo da Cidade. A vota\u00e7\u00e3o aconteceu entre os membros da comiss\u00e3o, que escolheram a ave por unanimidade dentre as cinco primeiras colocadas na vota\u00e7\u00e3o popular.<\/p>\n<p>\u00a0<\/p>\n<p>As aves eleitas por voto popular foram: Papagaio-de-cara-roxa (Amazona brasiliensis, Piru-piru (Haematopus palliatus), Trinta-r\u00e9is-real (Thalasseus maximus, Sa\u00edra-sapucaia (Tangara peruviana) e Gavi\u00e3o-pato (Spizaetus melanoleucus).<\/p>\n<p>\u00a0<\/p>\n<p>Ap\u00f3s discuss\u00e3o e an\u00e1lise do resultado pela Comiss\u00e3o de Educa\u00e7\u00e3o Ambiental do COMDEMA, respeitando os crit\u00e9rios de endemia e facilidade de avistamento, assim como a expressiva vota\u00e7\u00e3o popular, os tr\u00eas primeiros colocados foram: Papagaio-de-cara-roxa, Piru-piru e Trinta-r\u00e9is-real. Ap\u00f3s todas estas considera\u00e7\u00f5es, os membros votaram unanimemente no Papagaio-da-cara-roxa para ser a ave s\u00edmbolo do munic\u00edpio de Itanha\u00e9m.<\/p>\n<p>\u00a0<\/p>\n<p>A escolha da ave s\u00edmbolo faz parte de uma s\u00e9rie de a\u00e7\u00f5es voltadas \u00e0 preserva\u00e7\u00e3o da Mata Atl\u00e2ntica, ampliando o v\u00ednculo da popula\u00e7\u00e3o com o meio ambiente e fortalecendo a identidade ecol\u00f3gica de Itanha\u00e9m. A proposta \u00e9 que a escolha da ave traga visibilidade tanto para o ecoturismo de observa\u00e7\u00e3o de aves, como destaque a import\u00e2ncia da preserva\u00e7\u00e3o ambiental.<\/p>\n<p>\u00a0<\/p>\n<p>Al\u00e9m disso, nos pr\u00f3ximos meses uma equipe de alunos da ETEC de Itanha\u00e9m estar\u00e1 desenvolvendo um projeto de comunica\u00e7\u00e3o visual contendo o mascote oficial, banners, folders, entre outros, com o objetivo de popularizar a ave e fortalecer a preserva\u00e7\u00e3o ambiental na regi\u00e3o do Rio Preto, habitat do Papagaio.<\/p>\n<p>\u00a0<\/p>\n<p>A submiss\u00e3o do trabalho junto ao COMDEMA est\u00e1 prevista para a Reuni\u00e3o Ordin\u00e1ria no m\u00eas de outubro.<\/p>\n<\/p><\/div>\n<p><script async defer crossorigin=\"anonymous\" src=\"https:\/\/connect.facebook.net\/pt_BR\/sdk.js#xfbml=1&#038;version=v12.0&#038;appId=&#038;autoLogAppEvents=1\" nonce=\"ou0fI1lo\"><\/script><br \/>\n<br \/><br \/>\n<br \/>Fonte: <a href=\"https:\/\/www.bs9.com.br\/litoral\/papagaio-de-cara-roxa-e-definido-como-a-ave-simbolo-de-itanhaem\/31994\/\">BS9<\/a><\/p>\n","protected":false},"excerpt":{"rendered":"<p>Encerrando o\u00a0Concurso Ave S\u00edmbolo de Itanha\u00e9m, a Comiss\u00e3o de Educa\u00e7\u00e3o Ambiental do Conselho Municipal de Defesa do Meio Ambiente (Comdema) definiu, nesta ter\u00e7a-feira (20), o Papagaio-de-cara-roxa como a ave s\u00edmbolo da Cidade. A vota\u00e7\u00e3o aconteceu entre os membros da comiss\u00e3o, que escolheram a ave por unanimidade dentre as cinco primeiras colocadas na vota\u00e7\u00e3o popular. \u00a0 [&hellip;]<\/p>\n","protected":false},"author":5,"featured_media":23513,"comment_status":"open","ping_status":"open","sticky":false,"template":"","format":"standard","meta":{"_seopress_robots_primary_cat":"","_seopress_titles_title":"","_seopress_titles_desc":"","_seopress_robots_index":"","footnotes":""},"categories":[52],"tags":[],"class_list":["post-23512","post","type-post","status-publish","format-standard","has-post-thumbnail","hentry","category-santoseregiao"],"_links":{"self":[{"href":"https:\/\/mussicom.com\/noticias\/wp-json\/wp\/v2\/posts\/23512","targetHints":{"allow":["GET"]}}],"collection":[{"href":"https:\/\/mussicom.com\/noticias\/wp-json\/wp\/v2\/posts"}],"about":[{"href":"https:\/\/mussicom.com\/noticias\/wp-json\/wp\/v2\/types\/post"}],"author":[{"embeddable":true,"href":"https:\/\/mussicom.com\/noticias\/wp-json\/wp\/v2\/users\/5"}],"replies":[{"embeddable":true,"href":"https:\/\/mussicom.com\/noticias\/wp-json\/wp\/v2\/comments?post=23512"}],"version-history":[{"count":0,"href":"https:\/\/mussicom.com\/noticias\/wp-json\/wp\/v2\/posts\/23512\/revisions"}],"wp:featuredmedia":[{"embeddable":true,"href":"https:\/\/mussicom.com\/noticias\/wp-json\/wp\/v2\/media\/23513"}],"wp:attachment":[{"href":"https:\/\/mussicom.com\/noticias\/wp-json\/wp\/v2\/media?parent=23512"}],"wp:term":[{"taxonomy":"category","embeddable":true,"href":"https:\/\/mussicom.com\/noticias\/wp-json\/wp\/v2\/categories?post=23512"},{"taxonomy":"post_tag","embeddable":true,"href":"https:\/\/mussicom.com\/noticias\/wp-json\/wp\/v2\/tags?post=23512"}],"curies":[{"name":"wp","href":"https:\/\/api.w.org\/{rel}","templated":true}]}}