{"id":23449,"date":"2025-05-27T07:37:40","date_gmt":"2025-05-27T10:37:40","guid":{"rendered":"https:\/\/mussicom.com\/cuba-tenta-impor-trabalho-forcado-a-duas-intelectuais-opositoras\/"},"modified":"2025-05-27T07:37:40","modified_gmt":"2025-05-27T10:37:40","slug":"cuba-tenta-impor-trabalho-forcado-a-duas-intelectuais-opositoras","status":"publish","type":"post","link":"https:\/\/mussicom.com\/noticias\/cuba-tenta-impor-trabalho-forcado-a-duas-intelectuais-opositoras\/","title":{"rendered":"Cuba tenta impor trabalho for\u00e7ado a duas intelectuais opositoras"},"content":{"rendered":"<p> <br \/>\n<\/p>\n<div>\n<p class=\"postParagraph_post-paragraph__juWZN\">O regime comunista de Cuba est\u00e1 prestes a condenar as intelectuais dissidentes Alina B\u00e1rbara L\u00f3pez Hern\u00e1ndez e Jenny Pantoja Torres a anos de trabalho for\u00e7ado, em repres\u00e1lia a protestos pac\u00edficos e cr\u00edticas p\u00fablicas que elas fizeram contra a ditadura que controla Havana.<\/p>\n<p class=\"postParagraph_post-paragraph__juWZN\">Segundo ag\u00eancias internacionais e ve\u00edculos locais, o regime comunista comandado por Miguel D\u00edaz-Canel deve condenar as opositoras por meio de uma den\u00fancia formal que foi apresentada nesta segunda-feira (26) pela promotora Ana Lilian Caballero Arango, da Promotoria Provincial de Matanzas. No documento, a promotora solicita ao Judici\u00e1rio cubano, que \u00e9 controlado pela ditadura castrista, penas de quatro e tr\u00eas anos de priva\u00e7\u00e3o de liberdade para as acad\u00eamicas, a serem convertidas em &#8220;trabalho correccional&#8221; sem internamento. As acusa\u00e7\u00f5es, baseadas em supostos crimes de \u201catentado, desacato e desobedi\u00eancia\u201d, referem-se \u00e0 deten\u00e7\u00e3o das duas dissidentes em 18 de junho de 2024, quando seguiam da prov\u00edncia de Matanzas para Havana com o objetivo de participar de uma manifesta\u00e7\u00e3o contra o regime comunista.<\/p>\n<p class=\"postParagraph_post-paragraph__juWZN\">Naquele momento, as duas intelectuais foram interceptadas em um t\u00e1xi pela pol\u00edcia, que alegou motivos para exigir a identifica\u00e7\u00e3o das passageiras. O relato da promotora afirma que L\u00f3pez teria resistido \u00e0 abordagem, &#8220;insultado&#8221; os agentes e chegado a agredi-los, al\u00e9m de causar danos materiais avaliados em 5.650 pesos cubanos.<\/p>\n<p class=\"postParagraph_post-paragraph__juWZN\">\u201cMeu personagem resulta uma esp\u00e9cie de vers\u00e3o feminina de Bruce Lee, que salta de um carro, reparte golpes, rasga charreteras e rompe as botas de uma oficial que unicamente me havia pedido o carnet de identidade\u201d, ironizou a historiadora em publica\u00e7\u00e3o nas redes sociais, negando todas as acusa\u00e7\u00f5es.<\/p>\n<p class=\"postParagraph_post-paragraph__juWZN\">J\u00e1 Pantoja, segundo a vers\u00e3o oficial, teria participado da suposta resist\u00eancia e tamb\u00e9m teria provocado danos \u00e0 pol\u00edcia. As duas, no entanto, afirmam que foram elas as v\u00edtimas de viol\u00eancia policial. De acordo com L\u00f3pez Hern\u00e1ndez, as duas foram \u201cgolpeadas, violentadas e tratadas como animais\u201d, al\u00e9m de serem mantidas sob cust\u00f3dia por horas sem justificativa legal. Ela relatou ainda sequelas f\u00edsicas decorrentes das agress\u00f5es: \u201cAinda sofro as sequelas dos golpes e tor\u00e7\u00f5es no pesco\u00e7o e cabe\u00e7a, de que derivou uma labirintite p\u00f3s-traum\u00e1tica diagnosticada por um neurocirurgi\u00e3o\u201d, declarou.<\/p>\n<p class=\"postParagraph_post-paragraph__juWZN\">A promotora rejeitou as queixas das investigadas e anexou exames m\u00e9dicos feitos na delegacia, afirmando que \u201cos sintomas referidos por ambas n\u00e3o eram reais\u201d e que n\u00e3o houve agress\u00e3o por parte dos oficiais. No entanto, as acad\u00eamicas insistem que as vers\u00f5es oficiais visam descaracterizar o epis\u00f3dio como persegui\u00e7\u00e3o pol\u00edtica. \u201cTudo dito pela promotora, desde a primeira s\u00edlaba at\u00e9 a \u00faltima, \u00e9 falso\u201d, afirmou Alina L\u00f3pez, destacando que as declara\u00e7\u00f5es das duas foram feitas separadamente, logo ap\u00f3s a deten\u00e7\u00e3o, e sem possibilidade de combina\u00e7\u00e3o pr\u00e9via.<\/p>\n<p class=\"postParagraph_post-paragraph__juWZN\">O caso gerou forte repercuss\u00e3o entre artistas e intelectuais, com mais de 220 escritores, m\u00fasicos e cineastas assinando uma carta aberta denunciando a viol\u00eancia policial e o processo judicial.<\/p>\n<p class=\"postParagraph_post-paragraph__juWZN\">Al\u00e9m do pedido de pena de trabalho for\u00e7ado, L\u00f3pez Hern\u00e1ndez foi condenada a pagar indeniza\u00e7\u00e3o \u00e0 policial supostamente agredida, incluindo valores por &#8220;danos ao uniforme&#8221; e at\u00e9 mesmo \u201creposi\u00e7\u00e3o de cabelo em extens\u00f5es artificiais\u201d para a agente. Ambas tamb\u00e9m receberam proibi\u00e7\u00e3o de sair do pa\u00eds durante a vig\u00eancia da pena.<\/p>\n<p class=\"postParagraph_post-paragraph__juWZN\">O processo contra as intelectuais ocorre em um momento de grave crise social e econ\u00f4mica na ilha comunista, com crescente tens\u00e3o e repress\u00e3o contra opositores. L\u00f3pez Hern\u00e1ndez considera o epis\u00f3dio \u201cuma demonstra\u00e7\u00e3o de impunidade\u201d do regime. \u201cNo limiar de um ver\u00e3o em que a tens\u00e3o social \u00e9 enorme por conta da dram\u00e1tica crise nacional, o governo cubano faz gala de colosal imprud\u00eancia e decide adicionar press\u00e3o\u201d, afirmou.<\/p>\n<p class=\"postParagraph_post-paragraph__juWZN\">Nos \u00faltimos anos, tanto L\u00f3pez quanto Pantoja foram alvo de deten\u00e7\u00f5es arbitr\u00e1rias e persegui\u00e7\u00e3o por participarem de protestos mensais exigindo reformas pol\u00edticas e o respeito \u00e0 liberdade de express\u00e3o em Cuba.<\/p>\n<\/div>\n<p><br \/>\n<br \/>Fonte: <a href=\"https:\/\/www.gazetadopovo.com.br\/mundo\/cuba-quer-condenar-a-trabalho-forcado-duas-intelectuais-que-desafiaram-o-regime\/\">Revista Oeste<\/a><\/p>\n","protected":false},"excerpt":{"rendered":"<p>O regime comunista de Cuba est\u00e1 prestes a condenar as intelectuais dissidentes Alina B\u00e1rbara L\u00f3pez Hern\u00e1ndez e Jenny Pantoja Torres a anos de trabalho for\u00e7ado, em repres\u00e1lia a protestos pac\u00edficos e cr\u00edticas p\u00fablicas que elas fizeram contra a ditadura que controla Havana. Segundo ag\u00eancias internacionais e ve\u00edculos locais, o regime comunista comandado por Miguel D\u00edaz-Canel [&hellip;]<\/p>\n","protected":false},"author":5,"featured_media":23074,"comment_status":"open","ping_status":"open","sticky":false,"template":"","format":"standard","meta":{"_seopress_robots_primary_cat":"","_seopress_titles_title":"","_seopress_titles_desc":"","_seopress_robots_index":"","footnotes":""},"categories":[1],"tags":[],"class_list":["post-23449","post","type-post","status-publish","format-standard","has-post-thumbnail","hentry","category-ultimas-noticias"],"_links":{"self":[{"href":"https:\/\/mussicom.com\/noticias\/wp-json\/wp\/v2\/posts\/23449","targetHints":{"allow":["GET"]}}],"collection":[{"href":"https:\/\/mussicom.com\/noticias\/wp-json\/wp\/v2\/posts"}],"about":[{"href":"https:\/\/mussicom.com\/noticias\/wp-json\/wp\/v2\/types\/post"}],"author":[{"embeddable":true,"href":"https:\/\/mussicom.com\/noticias\/wp-json\/wp\/v2\/users\/5"}],"replies":[{"embeddable":true,"href":"https:\/\/mussicom.com\/noticias\/wp-json\/wp\/v2\/comments?post=23449"}],"version-history":[{"count":0,"href":"https:\/\/mussicom.com\/noticias\/wp-json\/wp\/v2\/posts\/23449\/revisions"}],"wp:featuredmedia":[{"embeddable":true,"href":"https:\/\/mussicom.com\/noticias\/wp-json\/wp\/v2\/media\/23074"}],"wp:attachment":[{"href":"https:\/\/mussicom.com\/noticias\/wp-json\/wp\/v2\/media?parent=23449"}],"wp:term":[{"taxonomy":"category","embeddable":true,"href":"https:\/\/mussicom.com\/noticias\/wp-json\/wp\/v2\/categories?post=23449"},{"taxonomy":"post_tag","embeddable":true,"href":"https:\/\/mussicom.com\/noticias\/wp-json\/wp\/v2\/tags?post=23449"}],"curies":[{"name":"wp","href":"https:\/\/api.w.org\/{rel}","templated":true}]}}