{"id":23374,"date":"2025-05-27T00:30:49","date_gmt":"2025-05-27T03:30:49","guid":{"rendered":"https:\/\/mussicom.com\/camara-aprova-urgencia-de-projeto-que-equipara-faccoes-a-terroristas\/"},"modified":"2025-05-27T00:30:49","modified_gmt":"2025-05-27T03:30:49","slug":"camara-aprova-urgencia-de-projeto-que-equipara-faccoes-a-terroristas","status":"publish","type":"post","link":"https:\/\/mussicom.com\/noticias\/camara-aprova-urgencia-de-projeto-que-equipara-faccoes-a-terroristas\/","title":{"rendered":"C\u00e2mara aprova urg\u00eancia de projeto que equipara fac\u00e7\u00f5es a terroristas"},"content":{"rendered":"<p> <br \/>\n<\/p>\n<div>\n<p class=\"postParagraph_post-paragraph__juWZN\">A C\u00e2mara dos Deputados aprovou nesta segunda-feira (26) a urg\u00eancia do projeto que equipara organiza\u00e7\u00f5es criminosas e a cria\u00e7\u00e3o de mil\u00edcias privadas ao crime de terrorismo. O texto n\u00e3o precisar\u00e1 passar pelas comiss\u00f5es e ser\u00e1 analisado diretamente no plen\u00e1rio.<\/p>\n<p class=\"postParagraph_post-paragraph__juWZN\">A projeto de lei 1.283\/25 amplia a Lei Antiterrorismo (Lei 13.260\/2016) para prever uma puni\u00e7\u00e3o mais grave a quem atua \u201cpara impor dom\u00ednio ou controle de \u00e1rea territorial, quando cometidos com a finalidade de provocar terror social ou generalizado, expondo a perigo pessoa, patrim\u00f4nio, a paz p\u00fablica ou a incolumidade p\u00fablica\u201d.<\/p>\n<p class=\"postParagraph_post-paragraph-innerHtml__Q5vwc\">O texto, de autoria do deputado Danilo Forte (Uni\u00e3o-CE), tamb\u00e9m incluiu a sabotagem ou interrup\u00e7\u00e3o de infraestrutura cr\u00edtica ou servi\u00e7o de utilidade p\u00fablica, mesmo que exercido por entidade privada, como gera\u00e7\u00e3o de energia, escolas, telecomunica\u00e7\u00f5es, transporte p\u00fablico, entre outros.<\/p>\n<div class=\"postViewMore_post-view-more-container___5wai\" data-mrf-recirculation=\"Post - Veja tamb\u00e9m\">\n<p class=\"gp-styles-module-size-small-afeYRa gp-styles-module-font-family2-afeYRa gp-styles-module-color-secondary-afeYRa gp-styles-module-weight-bold-afeYRa\">VEJA TAMB\u00c9M:<\/p>\n<ul class=\"postViewMore_post-view-more-list__CU_CE\">\n<li class=\"postViewMore_post-view-more-item__2MzRb\"><span class=\"postViewMore_post-view-more-link-icon___stPC\"><svg xmlns=\"http:\/\/www.w3.org\/2000\/svg\" width=\"16\" height=\"16\" viewbox=\"0 0 16 16\"><rect width=\"16\" height=\"16\" fill=\"none\"\/><g transform=\"translate(3 3)\"><path d=\"M22.5,15l3.4,3.4-3.4,3.4\" transform=\"translate(-15.896 -11.793)\" fill=\"none\" stroke=\"#717171\" stroke-linecap=\"round\" stroke-width=\"1.4\"\/><path d=\"M6,6v4.2a2.452,2.452,0,0,0,2.5,2.4H16\" transform=\"translate(-6 -6)\" fill=\"none\" stroke=\"#717171\" stroke-linecap=\"round\" stroke-width=\"1.4\"\/><\/g><\/svg><\/span><span class=\"postViewMore_post-view-more-link-text__hO_kM\">Moraes abre inqu\u00e9rito contra Eduardo e manda PF interrogar Jair Bolsonaro<\/span><\/li>\n<\/ul>\n<\/div>\n<p class=\"postParagraph_post-paragraph__juWZN\">Neste caso, a pena ser\u00e1 aumentada em um ter\u00e7o quando o crime for cometido por meio de \u201crecurso cibern\u00e9tico\u201d. A pena prevista na legisla\u00e7\u00e3o em vigor para atos de terrorismo \u00e9 de 12 a 30 anos de pris\u00e3o, al\u00e9m das san\u00e7\u00f5es correspondentes \u00e0 amea\u00e7a ou \u00e0 viol\u00eancia.<\/p>\n<p class=\"postParagraph_post-paragraph__juWZN\">\u201cA necessidade de estender a aplica\u00e7\u00e3o da Lei Antiterrorismo a organiza\u00e7\u00f5es criminosas e a mil\u00edcias privadas que praticam atos de terrorismo decorre da constata\u00e7\u00e3o de que esses grupos t\u00eam utilizado o terror como instrumento para atingir seus objetivos, seja para retaliar pol\u00edticas p\u00fablicas, ou para demonstrar dom\u00ednio, controle social ou poder paralelo ao Estado em qualquer espa\u00e7o territorial\u201d, diz a justificativa do projeto.<\/p>\n<p class=\"postParagraph_post-paragraph__juWZN\">Caso o texto seja aprovado, a compet\u00eancia investigativa passa a ser atribu\u00edda \u00e0 Pol\u00edcia Federal. Forte destacou que a altera\u00e7\u00e3o legislativa \u201cn\u00e3o apresenta risco de ser utilizada para persegui\u00e7\u00f5es pol\u00edticas ou contra movimentos sociais\u201d.<\/p>\n<p class=\"postParagraph_post-paragraph__juWZN\">\u201cO \u00a72\u00ba do art. 2\u00ba da Lei garante que \u2018o disposto neste artigo n\u00e3o se aplica \u00e0 conduta individual ou coletiva de pessoas em manifesta\u00e7\u00f5es pol\u00edticas, movimentos sociais, sindicais, religiosos, de classe ou de categoria profissional, direcionados por prop\u00f3sitos sociais ou reivindicat\u00f3rios, visando a contestar, criticar, protestar ou apoiar, com o objetivo de defender direitos, garantias e liberdades constitucionais, sem preju\u00edzo da tipifica\u00e7\u00e3o penal contida em lei\u2019\u201d, diz a justificativa.<\/p>\n<p class=\"postParagraph_post-paragraph__juWZN\">Segundo o deputado, essa disposi\u00e7\u00e3o \u201cassegura que a legisla\u00e7\u00e3o antiterrorismo n\u00e3o ser\u00e1 utilizada para coibir manifesta\u00e7\u00f5es leg\u00edtimas, que s\u00e3o parte essencial do exerc\u00edcio democr\u00e1tico e da liberdade de express\u00e3o\u201d.<\/p>\n<\/div>\n<p><br \/>\n<br \/>Fonte: <a href=\"https:\/\/www.gazetadopovo.com.br\/republica\/camara-aprova-urgencia-de-projeto-que-equipara-faccoes-e-milicias-a-terroristas\/\">Revista Oeste<\/a><\/p>\n","protected":false},"excerpt":{"rendered":"<p>A C\u00e2mara dos Deputados aprovou nesta segunda-feira (26) a urg\u00eancia do projeto que equipara organiza\u00e7\u00f5es criminosas e a cria\u00e7\u00e3o de mil\u00edcias privadas ao crime de terrorismo. O texto n\u00e3o precisar\u00e1 passar pelas comiss\u00f5es e ser\u00e1 analisado diretamente no plen\u00e1rio. A projeto de lei 1.283\/25 amplia a Lei Antiterrorismo (Lei 13.260\/2016) para prever uma puni\u00e7\u00e3o mais [&hellip;]<\/p>\n","protected":false},"author":5,"featured_media":23375,"comment_status":"open","ping_status":"open","sticky":false,"template":"","format":"standard","meta":{"_seopress_robots_primary_cat":"","_seopress_titles_title":"","_seopress_titles_desc":"","_seopress_robots_index":"","footnotes":""},"categories":[1],"tags":[],"class_list":["post-23374","post","type-post","status-publish","format-standard","has-post-thumbnail","hentry","category-ultimas-noticias"],"_links":{"self":[{"href":"https:\/\/mussicom.com\/noticias\/wp-json\/wp\/v2\/posts\/23374","targetHints":{"allow":["GET"]}}],"collection":[{"href":"https:\/\/mussicom.com\/noticias\/wp-json\/wp\/v2\/posts"}],"about":[{"href":"https:\/\/mussicom.com\/noticias\/wp-json\/wp\/v2\/types\/post"}],"author":[{"embeddable":true,"href":"https:\/\/mussicom.com\/noticias\/wp-json\/wp\/v2\/users\/5"}],"replies":[{"embeddable":true,"href":"https:\/\/mussicom.com\/noticias\/wp-json\/wp\/v2\/comments?post=23374"}],"version-history":[{"count":0,"href":"https:\/\/mussicom.com\/noticias\/wp-json\/wp\/v2\/posts\/23374\/revisions"}],"wp:featuredmedia":[{"embeddable":true,"href":"https:\/\/mussicom.com\/noticias\/wp-json\/wp\/v2\/media\/23375"}],"wp:attachment":[{"href":"https:\/\/mussicom.com\/noticias\/wp-json\/wp\/v2\/media?parent=23374"}],"wp:term":[{"taxonomy":"category","embeddable":true,"href":"https:\/\/mussicom.com\/noticias\/wp-json\/wp\/v2\/categories?post=23374"},{"taxonomy":"post_tag","embeddable":true,"href":"https:\/\/mussicom.com\/noticias\/wp-json\/wp\/v2\/tags?post=23374"}],"curies":[{"name":"wp","href":"https:\/\/api.w.org\/{rel}","templated":true}]}}