{"id":23372,"date":"2025-05-27T00:27:34","date_gmt":"2025-05-27T03:27:34","guid":{"rendered":"https:\/\/mussicom.com\/lula-tem-crise-de-labirintite-e-passa-por-exames-no-sirio-libanes\/"},"modified":"2025-05-27T00:27:34","modified_gmt":"2025-05-27T03:27:34","slug":"lula-tem-crise-de-labirintite-e-passa-por-exames-no-sirio-libanes","status":"publish","type":"post","link":"https:\/\/mussicom.com\/noticias\/lula-tem-crise-de-labirintite-e-passa-por-exames-no-sirio-libanes\/","title":{"rendered":"Lula tem crise de labirintite e passa por exames no S\u00edrio-Liban\u00eas"},"content":{"rendered":"<p> <br \/>\n<\/p>\n<div id=\"hd80s9wa1h892edh8192\">\n<p>O presidente Luiz In\u00e1cio Lula da Silva foi submetido a exames de imagem e de sangue nesta segunda-feira, 26, depois de apresentar um epis\u00f3dio de vertigem. Segundo boletim m\u00e9dico divulgado \u00e0s 19h pelo Hospital S\u00edrio-Liban\u00eas, unidade Bras\u00edlia, o diagn\u00f3stico foi de labirintite, condi\u00e7\u00e3o que afeta o equil\u00edbrio.<\/p>\n<p><strong>+ Leia mais not\u00edcias de\u00a0Pol\u00edtica\u00a0em Oeste<\/strong><\/p>\n<p>O informe assinado pelos m\u00e9dicos Dr. Rafael Gadia, diretor de Governan\u00e7a Cl\u00ednica, e Dra. Luiza Dib, diretora cl\u00ednica, detalha que os exames realizados no hospital est\u00e3o \u201ctodos dentro da normalidade\u201d. O presidente j\u00e1 retornou ao Pal\u00e1cio da Alvorada, resid\u00eancia oficial, \u201conde deve permanecer em repouso ao longo do dia\u201d, conforme o boletim.<\/p>\n<p>A nota acrescenta ainda que \u201co Presidente \u00e9 acompanhado pelas equipes m\u00e9dicas lideradas pelo Prof. Dr. Roberto Kalil Filho e pela Dra. Ana Helena Germoglio\u201d, profissionais de confian\u00e7a de Lula.<\/p>\n<p><related-posts class=\"border-y border-gray-300 py-5\"><\/p>\n<h2 class=\"!text-2xl text-black font-primary font-semibold leading-none mb-3\">\n    Leia mais:<br \/>\n  <\/h2>\n<p><\/related-posts><\/p>\n<h2 class=\"wp-block-heading\">Agenda de Lula \u00e9 impactada por epis\u00f3dio de sa\u00fade<\/h2>\n<p>Durante a tarde desta segunda-feira, 26, Lula tinha compromissos previstos com os ministros da Fazenda, Fernando Haddad; da Ci\u00eancia, Tecnologia e Inova\u00e7\u00e3o, Luciana Santos; e da Gest\u00e3o e da Inova\u00e7\u00e3o em Servi\u00e7os P\u00fablicos, Esther Dweck.<\/p>\n<p>Para esta ter\u00e7a-feira, 27, est\u00e1 prevista a participa\u00e7\u00e3o de Lula na cerim\u00f4nia de comemora\u00e7\u00e3o do <strong>Dia do Diplomata<\/strong>, no Itamaraty. Ainda n\u00e3o h\u00e1 confirma\u00e7\u00e3o oficial se o compromisso ser\u00e1 mantido, diante da recomenda\u00e7\u00e3o de repouso.<\/p>\n<figure class=\"wp-block-image aligncenter size-large is-resized\"><img fetchpriority=\"high\" width=\"1536\" height=\"1187\" decoding=\"async\" src=\"https:\/\/static.poder360.com.br\/2025\/05\/boletim-medico-lula-26mai2025-1536x1187.png\" alt=\"Boletim m\u00e9dico de Luiz In\u00e1cio Lula da Silva | Imagem: Hospital S\u00edrio-Liban\u00eas\/Reprodu\u00e7\u00e3o\" style=\"width:748px;height:auto\"\/><figcaption class=\"wp-element-caption\">Boletim m\u00e9dico de Luiz In\u00e1cio Lula da Silva | Imagem: Hospital S\u00edrio-Liban\u00eas\/Reprodu\u00e7\u00e3o<\/figcaption><\/figure>\n<p>O presidente j\u00e1 havia passado por exames de imagem na cabe\u00e7a em janeiro deste ano, motivados por um <strong>acidente dom\u00e9stico<\/strong> ocorrido em outubro de 2024. Na ocasi\u00e3o, ele caiu no Pal\u00e1cio da Alvorada e precisou usar uma bota ortop\u00e9dica por algumas semanas.<\/p>\n<p><strong>Leia tamb\u00e9m:\u00a0\u201cTogas fora da lei\u201d, artigo de Augusto Nunes publicado na Edi\u00e7\u00e3o 245 da Revista Oeste<\/strong><\/p>\n<\/p><\/div>\n<p><br \/>\n<br \/>Fonte: <a href=\"https:\/\/revistaoeste.com\/politica\/lula-tem-crise-de-labirintite-e-passa-por-exames-no-sirio-libanes\/\">Ag\u00eancia Brasil<\/a><\/p>\n","protected":false},"excerpt":{"rendered":"<p>O presidente Luiz In\u00e1cio Lula da Silva foi submetido a exames de imagem e de sangue nesta segunda-feira, 26, depois de apresentar um epis\u00f3dio de vertigem. Segundo boletim m\u00e9dico divulgado \u00e0s 19h pelo Hospital S\u00edrio-Liban\u00eas, unidade Bras\u00edlia, o diagn\u00f3stico foi de labirintite, condi\u00e7\u00e3o que afeta o equil\u00edbrio. + Leia mais not\u00edcias de\u00a0Pol\u00edtica\u00a0em Oeste O informe [&hellip;]<\/p>\n","protected":false},"author":5,"featured_media":23373,"comment_status":"open","ping_status":"open","sticky":false,"template":"","format":"standard","meta":{"_seopress_robots_primary_cat":"","_seopress_titles_title":"","_seopress_titles_desc":"","_seopress_robots_index":"","footnotes":""},"categories":[47,1],"tags":[],"class_list":["post-23372","post","type-post","status-publish","format-standard","has-post-thumbnail","hentry","category-politica","category-ultimas-noticias"],"_links":{"self":[{"href":"https:\/\/mussicom.com\/noticias\/wp-json\/wp\/v2\/posts\/23372","targetHints":{"allow":["GET"]}}],"collection":[{"href":"https:\/\/mussicom.com\/noticias\/wp-json\/wp\/v2\/posts"}],"about":[{"href":"https:\/\/mussicom.com\/noticias\/wp-json\/wp\/v2\/types\/post"}],"author":[{"embeddable":true,"href":"https:\/\/mussicom.com\/noticias\/wp-json\/wp\/v2\/users\/5"}],"replies":[{"embeddable":true,"href":"https:\/\/mussicom.com\/noticias\/wp-json\/wp\/v2\/comments?post=23372"}],"version-history":[{"count":0,"href":"https:\/\/mussicom.com\/noticias\/wp-json\/wp\/v2\/posts\/23372\/revisions"}],"wp:featuredmedia":[{"embeddable":true,"href":"https:\/\/mussicom.com\/noticias\/wp-json\/wp\/v2\/media\/23373"}],"wp:attachment":[{"href":"https:\/\/mussicom.com\/noticias\/wp-json\/wp\/v2\/media?parent=23372"}],"wp:term":[{"taxonomy":"category","embeddable":true,"href":"https:\/\/mussicom.com\/noticias\/wp-json\/wp\/v2\/categories?post=23372"},{"taxonomy":"post_tag","embeddable":true,"href":"https:\/\/mussicom.com\/noticias\/wp-json\/wp\/v2\/tags?post=23372"}],"curies":[{"name":"wp","href":"https:\/\/api.w.org\/{rel}","templated":true}]}}