{"id":23345,"date":"2025-05-26T22:36:29","date_gmt":"2025-05-27T01:36:29","guid":{"rendered":"https:\/\/mussicom.com\/contas-externas-tem-deficit-de-us-13-bi-em-abril\/"},"modified":"2025-05-26T22:36:29","modified_gmt":"2025-05-27T01:36:29","slug":"contas-externas-tem-deficit-de-us-13-bi-em-abril","status":"publish","type":"post","link":"https:\/\/mussicom.com\/noticias\/contas-externas-tem-deficit-de-us-13-bi-em-abril\/","title":{"rendered":"contas externas t\u00eam d\u00e9ficit de US$ 1,3 bi em abril"},"content":{"rendered":"<p> <br \/>\n<\/p>\n<div id=\"hd80s9wa1h892edh8192\">\n<p>O Brasil registrou um d\u00e9ficit de US$ 1,3 bilh\u00e3o nas contas externas em abril. Em abril do ano passado, o saldo negativo foi de US$ 1,7 bilh\u00e3o. Em mar\u00e7o deste ano, o d\u00e9ficit somou US$ 2,2 bilh\u00f5es. Os dados foram divulgados nesta segunda-feira, 26, no relat\u00f3rio <strong>\u201cEstat\u00edsticas do Setor Externo\u201d<\/strong> do Banco Central (<strong>BC<\/strong>).<\/p>\n<figure class=\"wp-block-image aligncenter size-full\"><picture><source data-srcset=\"https:\/\/medias.revistaoeste.com\/wp-content\/uploads\/2025\/05\/Captura-de-Tela-2025-05-26-as-15.55.06.png.webp 852w, https:\/\/medias.revistaoeste.com\/wp-content\/uploads\/2025\/05\/Captura-de-Tela-2025-05-26-as-15.55.06-300x220.png.webp 300w, https:\/\/medias.revistaoeste.com\/wp-content\/uploads\/2025\/05\/Captura-de-Tela-2025-05-26-as-15.55.06-150x110.png.webp 150w\" data-sizes=\"(max-width: 852px) 100vw, 852px\" type=\"image\/webp\"><img fetchpriority=\"high\" decoding=\"async\" width=\"852\" height=\"624\" src=\"https:\/\/medias.revistaoeste.com\/wp-content\/uploads\/2025\/05\/Captura-de-Tela-2025-05-26-as-15.55.06.png\" alt=\"Gr\u00e1fico que mostra as contas externas\" class=\"wp-image-2003151\" srcset=\"https:\/\/medias.revistaoeste.com\/wp-content\/uploads\/2025\/05\/Captura-de-Tela-2025-05-26-as-15.55.06.png 852w, https:\/\/medias.revistaoeste.com\/wp-content\/uploads\/2025\/05\/Captura-de-Tela-2025-05-26-as-15.55.06-300x220.png 300w, https:\/\/medias.revistaoeste.com\/wp-content\/uploads\/2025\/05\/Captura-de-Tela-2025-05-26-as-15.55.06-150x110.png 150w\" sizes=\"(max-width: 852px) 100vw, 852px\" data-eio=\"p\"\/><\/source><\/picture><figcaption class=\"wp-element-caption\">Gr\u00e1fico que mostra as contas externas | Imagem: Divulga\u00e7\u00e3o\/Banco Central<\/figcaption><\/figure>\n<p>No acumulado de 12 meses at\u00e9 abril, o resultado das contas externas foi negativo em US$ 68,5 bilh\u00f5es, o equivalente a 3,22% do Produto Interno Bruto. As contas externas mensuram as transa\u00e7\u00f5es de bens, servi\u00e7os e rendas do pa\u00eds com o exterior. S\u00e3o compostas pela balan\u00e7a comercial, pela balan\u00e7a de servi\u00e7os e pela renda prim\u00e1ria, que inclui remessas de lucros, juros e dividendos.<\/p>\n<p><strong>Leia mais: \u201cGal\u00edpolo \u00e9 contra o aumento do IOF\u201d<\/strong><\/p>\n<p>O d\u00e9ficit em renda prim\u00e1ria foi o principal fator de press\u00e3o nas contas externas, mas apresentou recuo. Em abril, totalizou US$ 5 bilh\u00f5es, queda de 9,9% em rela\u00e7\u00e3o ao mesmo m\u00eas de 2024. <\/p>\n<h2 class=\"wp-block-heading\"><strong>Balan\u00e7a comercial tem super\u00e1vit<\/strong>, informa Banco Central<\/h2>\n<p>A balan\u00e7a comercial de bens registrou super\u00e1vit de US$ 7,4 bilh\u00f5es, levemente abaixo dos US$ 7,8 bilh\u00f5es de abril de 2024. \u201cAs exporta\u00e7\u00f5es de bens totalizaram US$ 30,6 bilh\u00f5es, mantendo-se no patamar de abril do ano anterior, enquanto as importa\u00e7\u00f5es de bens aumentaram 1,5%, somando US$ 23,2 bilh\u00f5es\u201d, informou o BC.<\/p>\n<p>J\u00e1 o resultado na conta de servi\u00e7os foi deficit\u00e1rio, totalizando US$ 4,2 bilh\u00f5es em abril de 2025. O valor corresponde a uma redu\u00e7\u00e3o de US$ 98 milh\u00f5es, na compara\u00e7\u00e3o com igual m\u00eas de 2024.<\/p>\n<figure class=\"wp-block-embed is-type-video is-provider-youtube wp-block-embed-youtube wp-embed-aspect-16-9 wp-has-aspect-ratio\">\n<div class=\"wp-block-embed__wrapper\">\n<div class=\"perfmatters-lazy-youtube\" data-src=\"https:\/\/www.youtube.com\/embed\/YwnslY6mFc4\" data-id=\"YwnslY6mFc4\" data-query=\"feature=oembed\" onclick=\"perfmattersLazyLoadYouTube(this);\">\n<div><img decoding=\"async\" alt=\"YouTube video\" width=\"480\" height=\"360\" data-pin-nopin=\"true\" nopin=\"nopin\" class=\"perfmatters-lazy\" src=\"https:\/\/i.ytimg.com\/vi\/YwnslY6mFc4\/hqdefault.jpg\"\/><img decoding=\"async\" src=\"https:\/\/i.ytimg.com\/vi\/YwnslY6mFc4\/hqdefault.jpg\" alt=\"YouTube video\" width=\"480\" height=\"360\" data-pin-nopin=\"true\" nopin=\"nopin\"\/><\/div>\n<\/div>\n<p><noscript><iframe title=\"&#039;Taxad&#039;: memes voltam a viralizar nas redes sociais ap\u00f3s aumento do IOF\" width=\"800\" height=\"450\" src=\"https:\/\/www.youtube.com\/embed\/YwnslY6mFc4?feature=oembed\" frameborder=\"0\" allow=\"accelerometer; autoplay; clipboard-write; encrypted-media; gyroscope; picture-in-picture; web-share\" referrerpolicy=\"strict-origin-when-cross-origin\" allowfullscreen><\/iframe><\/noscript>\n<\/div>\n<\/figure>\n<p>\u201cNessa base de compara\u00e7\u00e3o, aumentaram as despesas l\u00edquidas de servi\u00e7os de transporte, 8,2%, totalizando US$1,2 bilh\u00e3o; de propriedade intelectual, 18,0%, totalizando US$ 1,1 bilh\u00e3o; de aluguel de equipamentos, 13,6%, totalizando US$ 973 milh\u00f5es; e de telecomunica\u00e7\u00e3o, computa\u00e7\u00e3o e informa\u00e7\u00f5es, 30,9%, acumulando US$ 666 milh\u00f5es\u201d, diz o relat\u00f3rio.<\/p>\n<p><strong>+ Leia mais not\u00edcias de Economia em Oeste<\/strong><\/p>\n<p>O investimento direto no pa\u00eds somou US$ 5,5 bilh\u00f5es, acima dos US$ 3,9 bilh\u00f5es registrados no mesmo m\u00eas de 2024. As reservas internacionais aumentaram e fecharam abril em US$ 340 bilh\u00f5es.<\/p>\n<p><related-posts class=\"border-y border-gray-300 py-5\"><\/p>\n<h2 class=\"!text-2xl text-black font-primary font-semibold leading-none mb-3\">\n    Leia tamb\u00e9m:<br \/>\n  <\/h2>\n<p><\/related-posts><\/p><\/div>\n<p><br \/>\n<br \/>Fonte: <a href=\"https:\/\/revistaoeste.com\/economia\/banco-central-contas-externas-tem-deficit-de-us-13-bilhao-em-abril\/\">Revista oeste<\/a><\/p>\n","protected":false},"excerpt":{"rendered":"<p>O Brasil registrou um d\u00e9ficit de US$ 1,3 bilh\u00e3o nas contas externas em abril. Em abril do ano passado, o saldo negativo foi de US$ 1,7 bilh\u00e3o. Em mar\u00e7o deste ano, o d\u00e9ficit somou US$ 2,2 bilh\u00f5es. Os dados foram divulgados nesta segunda-feira, 26, no relat\u00f3rio \u201cEstat\u00edsticas do Setor Externo\u201d do Banco Central (BC). Gr\u00e1fico [&hellip;]<\/p>\n","protected":false},"author":5,"featured_media":23346,"comment_status":"open","ping_status":"open","sticky":false,"template":"","format":"standard","meta":{"_seopress_robots_primary_cat":"","_seopress_titles_title":"","_seopress_titles_desc":"","_seopress_robots_index":"","footnotes":""},"categories":[45],"tags":[],"class_list":["post-23345","post","type-post","status-publish","format-standard","has-post-thumbnail","hentry","category-economia"],"_links":{"self":[{"href":"https:\/\/mussicom.com\/noticias\/wp-json\/wp\/v2\/posts\/23345","targetHints":{"allow":["GET"]}}],"collection":[{"href":"https:\/\/mussicom.com\/noticias\/wp-json\/wp\/v2\/posts"}],"about":[{"href":"https:\/\/mussicom.com\/noticias\/wp-json\/wp\/v2\/types\/post"}],"author":[{"embeddable":true,"href":"https:\/\/mussicom.com\/noticias\/wp-json\/wp\/v2\/users\/5"}],"replies":[{"embeddable":true,"href":"https:\/\/mussicom.com\/noticias\/wp-json\/wp\/v2\/comments?post=23345"}],"version-history":[{"count":0,"href":"https:\/\/mussicom.com\/noticias\/wp-json\/wp\/v2\/posts\/23345\/revisions"}],"wp:featuredmedia":[{"embeddable":true,"href":"https:\/\/mussicom.com\/noticias\/wp-json\/wp\/v2\/media\/23346"}],"wp:attachment":[{"href":"https:\/\/mussicom.com\/noticias\/wp-json\/wp\/v2\/media?parent=23345"}],"wp:term":[{"taxonomy":"category","embeddable":true,"href":"https:\/\/mussicom.com\/noticias\/wp-json\/wp\/v2\/categories?post=23345"},{"taxonomy":"post_tag","embeddable":true,"href":"https:\/\/mussicom.com\/noticias\/wp-json\/wp\/v2\/tags?post=23345"}],"curies":[{"name":"wp","href":"https:\/\/api.w.org\/{rel}","templated":true}]}}