{"id":23308,"date":"2025-05-26T19:55:30","date_gmt":"2025-05-26T22:55:30","guid":{"rendered":"https:\/\/mussicom.com\/hoje-projeto-segundas-em-cena-apresenta-releitura-de-alice-no-pais-das-maravilhas\/"},"modified":"2025-05-26T19:55:30","modified_gmt":"2025-05-26T22:55:30","slug":"hoje-projeto-segundas-em-cena-apresenta-releitura-de-alice-no-pais-das-maravilhas","status":"publish","type":"post","link":"https:\/\/mussicom.com\/noticias\/hoje-projeto-segundas-em-cena-apresenta-releitura-de-alice-no-pais-das-maravilhas\/","title":{"rendered":"Hoje: Projeto &#8220;Segundas em Cena&#8221; apresenta releitura de Alice no Pa\u00eds das Maravilhas"},"content":{"rendered":"<p> <br \/>\n<\/p>\n<div id=\"texto\">\n<p>Dando continuidade ao projeto &#8220;Segundas em Cena &#8211; Mostra Popular de Teatro&#8221;, na segunda-feira (26), acontece a apresenta\u00e7\u00e3o da pe\u00e7a &#8220;Alice Interrompida&#8221;, da companhia teatral &#8216;O Coletivo&#8217;. O espet\u00e1culo \u00e9 inspirado no universo da obra &#8220;Alice no Pa\u00eds das Maravilhas&#8221;, de Lewis Carrol. A encena\u00e7\u00e3o traz o humor e o deboche em uma releitura da hist\u00f3ria de uma menina que acaba em um mundo governado por uma rainha, onde os habitantes s\u00e3o todos loucos. \u00a0<\/p>\n<p>\u00a0<\/p>\n<p><\/p>\n<p>\u00a0<\/p>\n<p>A programa\u00e7\u00e3o do &#8220;Segundas em Cena&#8221; acontece at\u00e9 o dia 28 de julho, com diversas apresenta\u00e7\u00f5es de grupos locais, sempre \u00e0s segundas-feiras, \u00e0s 20 horas, no Teatro Proc\u00f3pio Ferreira (Av. Dom Pedro I, 350 &#8211; Jardim Tejereba). A iniciativa \u00e9 uma realiza\u00e7\u00e3o do Movimento Teatral de Guaruj\u00e1, em parceria com a Prefeitura, por meio da Secretaria Municipal de Cultura (Secult).<\/p>\n<p>\u00a0<\/p>\n<p>O projeto busca fortalecer e dar visibilidade \u00e0 produ\u00e7\u00e3o teatral da Cidade, oferecendo um espa\u00e7o para que os grupos locais apresentem seus trabalhos ao p\u00fablico, movimentando o cen\u00e1rio cultural de Guaruj\u00e1. Os ingressos ter\u00e3o um valor acess\u00edvel, seguindo a pol\u00edtica do &#8216;pague quanto puder&#8217;. O objetivo \u00e9 incentivar o acesso e a participa\u00e7\u00e3o do p\u00fablico.<\/p>\n<p>\u00a0<\/p>\n<p><img decoding=\"async\" alt=\"\" src=\"https:\/\/cdn.bs9.com.br\/upload\/dn_arquivo\/2025\/05\/alice-interrompida-10-divulgacao.jpg\" style=\"height:499px; width:400px\"\/><\/p>\n<p>\u00a0<\/p>\n<p><strong>A mostra conta com a seguinte programa\u00e7\u00e3o:<\/strong><\/p>\n<p><strong>Dia 26\/5<\/strong>\u00a0&#8211;\u00a0&#8220;Alice Interrompida&#8221;<\/p>\n<p><strong>Dia 2\/6<\/strong> &#8211; &#8220;Sambaquis de Vidas&#8221;<\/p>\n<p><strong>Dia 9\/6<\/strong> &#8211; &#8220;La Monstrua &#8211; uma hist\u00f3ria de Terror e Prazer&#8221;<\/p>\n<p><strong>Dia 16\/6<\/strong> &#8211; &#8220;Gaguejando mas falando&#8221;<\/p>\n<p><strong>Dia 23\/6<\/strong> &#8211; &#8220;O Rapto da Lua&#8221;<\/p>\n<p><strong>Dia 30\/6<\/strong> -&#8220;Meu Reino por um Drag\u00e3o&#8221;<\/p>\n<p><strong>Dia 7\/7<\/strong> &#8211; &#8220;Agora sou eu!&#8221;<\/p>\n<p><strong>Dia 14\/7<\/strong>&#8211; &#8220;Carne Bruta&#8221;<\/p>\n<p><strong>Dia 21\/7<\/strong> &#8211; &#8220;Agreste do Sert\u00e3o&#8221;<\/p>\n<p><strong>Dia 28\/7<\/strong> -&#8220;O Doce e o Amargo&#8221;<\/p>\n<p>\u00a0<\/p>\n<\/p><\/div>\n<p><script async defer crossorigin=\"anonymous\" src=\"https:\/\/connect.facebook.net\/pt_BR\/sdk.js#xfbml=1&#038;version=v12.0&#038;appId=&#038;autoLogAppEvents=1\" nonce=\"ou0fI1lo\"><\/script><br \/>\n<br \/><br \/>\n<br \/>Fonte: <a href=\"https:\/\/www.bs9.com.br\/variedades\/hoje-projeto-segundas-em-cena-apresenta-releitura-de-alice-no-pais\/31977\/\">BS9<\/a><\/p>\n","protected":false},"excerpt":{"rendered":"<p>Dando continuidade ao projeto &#8220;Segundas em Cena &#8211; Mostra Popular de Teatro&#8221;, na segunda-feira (26), acontece a apresenta\u00e7\u00e3o da pe\u00e7a &#8220;Alice Interrompida&#8221;, da companhia teatral &#8216;O Coletivo&#8217;. O espet\u00e1culo \u00e9 inspirado no universo da obra &#8220;Alice no Pa\u00eds das Maravilhas&#8221;, de Lewis Carrol. A encena\u00e7\u00e3o traz o humor e o deboche em uma releitura da [&hellip;]<\/p>\n","protected":false},"author":5,"featured_media":23309,"comment_status":"open","ping_status":"open","sticky":false,"template":"","format":"standard","meta":{"_seopress_robots_primary_cat":"","_seopress_titles_title":"","_seopress_titles_desc":"","_seopress_robots_index":"","footnotes":""},"categories":[52],"tags":[],"class_list":["post-23308","post","type-post","status-publish","format-standard","has-post-thumbnail","hentry","category-santoseregiao"],"_links":{"self":[{"href":"https:\/\/mussicom.com\/noticias\/wp-json\/wp\/v2\/posts\/23308","targetHints":{"allow":["GET"]}}],"collection":[{"href":"https:\/\/mussicom.com\/noticias\/wp-json\/wp\/v2\/posts"}],"about":[{"href":"https:\/\/mussicom.com\/noticias\/wp-json\/wp\/v2\/types\/post"}],"author":[{"embeddable":true,"href":"https:\/\/mussicom.com\/noticias\/wp-json\/wp\/v2\/users\/5"}],"replies":[{"embeddable":true,"href":"https:\/\/mussicom.com\/noticias\/wp-json\/wp\/v2\/comments?post=23308"}],"version-history":[{"count":0,"href":"https:\/\/mussicom.com\/noticias\/wp-json\/wp\/v2\/posts\/23308\/revisions"}],"wp:featuredmedia":[{"embeddable":true,"href":"https:\/\/mussicom.com\/noticias\/wp-json\/wp\/v2\/media\/23309"}],"wp:attachment":[{"href":"https:\/\/mussicom.com\/noticias\/wp-json\/wp\/v2\/media?parent=23308"}],"wp:term":[{"taxonomy":"category","embeddable":true,"href":"https:\/\/mussicom.com\/noticias\/wp-json\/wp\/v2\/categories?post=23308"},{"taxonomy":"post_tag","embeddable":true,"href":"https:\/\/mussicom.com\/noticias\/wp-json\/wp\/v2\/tags?post=23308"}],"curies":[{"name":"wp","href":"https:\/\/api.w.org\/{rel}","templated":true}]}}